{"id":323878,"date":"2026-05-03T10:17:11","date_gmt":"2026-05-03T13:17:11","guid":{"rendered":"https:\/\/www.lavras24horas.com.br\/portal\/?p=323878"},"modified":"2026-05-03T10:17:11","modified_gmt":"2026-05-03T13:17:11","slug":"zema-defende-trabalho-infantil-e-critica-proibicao-no-brasil-vamos-mudar-isso","status":"publish","type":"post","link":"https:\/\/www.lavras24horas.com.br\/portal\/zema-defende-trabalho-infantil-e-critica-proibicao-no-brasil-vamos-mudar-isso\/","title":{"rendered":"Zema defende trabalho infantil e critica proibi\u00e7\u00e3o no Brasil: \u201cVamos mudar isso\u201d"},"content":{"rendered":"\n<p>O ex-governador de Minas Gerais e pr\u00e9-candidato \u00e0 Presid\u00eancia pelo Novo, <strong>Romeu Zema<\/strong>, defendeu mudan\u00e7as nas regras sobre trabalho de crian\u00e7as e adolescentes no Brasil. Durante entrevista ao podcast <em>Intelig\u00eancia Limitada<\/em>, nesta sexta-feira (1\u00ba), data em que se celebra o Dia do Trabalhador, Zema afirmou que a proibi\u00e7\u00e3o atual \u00e9 fruto de influ\u00eancia da esquerda.<\/p>\n\n\n\n<p>\u201c\u00c9 que a esquerda criou essa no\u00e7\u00e3o de que trabalhar prejudica a crian\u00e7a\u201d, disse o pol\u00edtico. Ele relatou que come\u00e7ou a ajudar o pai, que vendia pe\u00e7as automotivas, desde os 5 anos de idade e lembrou que, no passado, era poss\u00edvel obter carteira de trabalho aos 14 anos.<\/p>\n\n\n\n<p>Zema comparou a realidade brasileira com a dos Estados Unidos, onde crian\u00e7as podem trabalhar em atividades como entrega de jornais. \u201cAqui \u00e9 proibido, voc\u00ea est\u00e1 escravizando crian\u00e7a. Ent\u00e3o, \u00e9 lament\u00e1vel, mas tenho certeza de que n\u00f3s vamos mudar isso\u201d, completou.<\/p>\n\n\n\n<p>No Brasil, o trabalho a partir dos 14 anos \u00e9 permitido apenas na condi\u00e7\u00e3o de aprendiz, conforme a CLT e a Lei da Aprendizagem.<\/p>\n\n\n\n<p><\/p>\n","protected":false},"excerpt":{"rendered":"<p>O ex-governador de Minas Gerais e pr\u00e9-candidato \u00e0 Presid\u00eancia pelo Novo, Romeu Zema, defendeu mudan\u00e7as nas regras sobre trabalho de crian\u00e7as e adolescentes no Brasil. Durante entrevista ao podcast Intelig\u00eancia Limitada, nesta sexta-feira (1\u00ba), data em que se celebra o Dia do Trabalhador, Zema afirmou que a proibi\u00e7\u00e3o atual \u00e9 fruto de influ\u00eancia da esquerda. [&hellip;]<\/p>\n","protected":false},"author":7,"featured_media":323877,"comment_status":"closed","ping_status":"closed","sticky":false,"template":"","format":"standard","meta":{"advanced_seo_description":"","jetpack_seo_html_title":"","jetpack_seo_noindex":false,"_jetpack_memberships_contains_paid_content":false,"footnotes":""},"categories":[31047],"tags":[],"class_list":["post-323878","post","type-post","status-publish","format-standard","has-post-thumbnail","hentry","category-brasil"],"jetpack_featured_media_url":"https:\/\/i0.wp.com\/www.lavras24horas.com.br\/portal\/wp-content\/uploads\/2026\/05\/img_0147.jpg?fit=888%2C592&ssl=1","jetpack_sharing_enabled":true,"jetpack_likes_enabled":true,"jetpack_shortlink":"https:\/\/wp.me\/p12djN-1mfQ","_links":{"self":[{"href":"https:\/\/www.lavras24horas.com.br\/portal\/wp-json\/wp\/v2\/posts\/323878","targetHints":{"allow":["GET"]}}],"collection":[{"href":"https:\/\/www.lavras24horas.com.br\/portal\/wp-json\/wp\/v2\/posts"}],"about":[{"href":"https:\/\/www.lavras24horas.com.br\/portal\/wp-json\/wp\/v2\/types\/post"}],"author":[{"embeddable":true,"href":"https:\/\/www.lavras24horas.com.br\/portal\/wp-json\/wp\/v2\/users\/7"}],"replies":[{"embeddable":true,"href":"https:\/\/www.lavras24horas.com.br\/portal\/wp-json\/wp\/v2\/comments?post=323878"}],"version-history":[{"count":1,"href":"https:\/\/www.lavras24horas.com.br\/portal\/wp-json\/wp\/v2\/posts\/323878\/revisions"}],"predecessor-version":[{"id":323879,"href":"https:\/\/www.lavras24horas.com.br\/portal\/wp-json\/wp\/v2\/posts\/323878\/revisions\/323879"}],"wp:featuredmedia":[{"embeddable":true,"href":"https:\/\/www.lavras24horas.com.br\/portal\/wp-json\/wp\/v2\/media\/323877"}],"wp:attachment":[{"href":"https:\/\/www.lavras24horas.com.br\/portal\/wp-json\/wp\/v2\/media?parent=323878"}],"wp:term":[{"taxonomy":"category","embeddable":true,"href":"https:\/\/www.lavras24horas.com.br\/portal\/wp-json\/wp\/v2\/categories?post=323878"},{"taxonomy":"post_tag","embeddable":true,"href":"https:\/\/www.lavras24horas.com.br\/portal\/wp-json\/wp\/v2\/tags?post=323878"}],"curies":[{"name":"wp","href":"https:\/\/api.w.org\/{rel}","templated":true}]}}