{"id":323875,"date":"2026-05-03T00:19:22","date_gmt":"2026-05-03T03:19:22","guid":{"rendered":"https:\/\/www.lavras24horas.com.br\/portal\/?p=323875"},"modified":"2026-05-03T00:19:41","modified_gmt":"2026-05-03T03:19:41","slug":"moradores-da-avenida-pedro-sales-relatam-noites-sem-sono-por-causa-de-som-alto-em-republica","status":"publish","type":"post","link":"https:\/\/www.lavras24horas.com.br\/portal\/moradores-da-avenida-pedro-sales-relatam-noites-sem-sono-por-causa-de-som-alto-em-republica\/","title":{"rendered":"Moradores da Avenida Pedro Sales relatam noites sem sono por causa de som alto em rep\u00fablica"},"content":{"rendered":"\n<p>A tranquilidade dos moradores das proximidades da C\u00e2mara Municipal, na Avenida Pedro Sales, tem sido interrompida por epis\u00f3dios recorrentes de perturba\u00e7\u00e3o do sossego. H\u00e1 pelo menos duas semanas, uma rep\u00fablica instalada na regi\u00e3o tem sido alvo de cr\u00edticas e den\u00fancias devido ao uso de som em volume excessivo e gritarias que se estendem durante o per\u00edodo noturno, afetando diretamente o descanso de quem reside no entorno.<\/p>\n\n\n\n<figure class=\"wp-block-video\"><video height=\"570\" style=\"aspect-ratio: 320 \/ 570;\" width=\"320\" controls src=\"https:\/\/www.lavras24horas.com.br\/portal\/wp-content\/uploads\/2026\/05\/YouCut_20260503_001011396.mp4\"><\/video><\/figure>\n\n\n\n<p><br><br>Segundo relatos da vizinhan\u00e7a, os epis\u00f3dios de barulho s\u00e3o repentinos e tornaram-se frequentes nos \u00faltimos quatorze dias. O inc\u00f4modo ultrapassa os limites da Lei do Sil\u00eancio e gera frustra\u00e7\u00e3o entre os moradores, que afirmam estar com a rotina de sono e bem-estar prejudicada pelas atividades do im\u00f3vel vizinho.<br><br>A principal reclama\u00e7\u00e3o, contudo, recai sobre a falta de efetividade na fiscaliza\u00e7\u00e3o. Moradores afirmam que, ao acionarem a Pol\u00edcia Militar, s\u00e3o informados de que outras den\u00fancias sobre o mesmo endere\u00e7o j\u00e1 foram registradas. Apesar disso, os relatos indicam que as viaturas chegam a passar pela avenida sem realizar a abordagem definitiva. Um dos principais entraves jur\u00eddicos para a a\u00e7\u00e3o policial \u00e9 a necessidade de uma representa\u00e7\u00e3o formal; para que a pol\u00edcia tome provid\u00eancias legais mais severas, \u00e9 preciso que um denunciante se identifique e assine a ocorr\u00eancia.<br><br>Essa exig\u00eancia acaba sendo o maior obst\u00e1culo no combate \u00e0 polui\u00e7\u00e3o sonora. O receio de repres\u00e1lias e o desconforto de assinar um documento oficial contra vizinhos impedem que muitas queixas avancem para al\u00e9m do chamado telef\u00f4nico. Sem uma v\u00edtima identificada que aceite representar formalmente, a atua\u00e7\u00e3o da autoridade policial fica limitada, muitas vezes, apenas \u00e0 orienta\u00e7\u00e3o verbal, o que nem sempre resolve o problema de forma definitiva.<\/p>\n","protected":false},"excerpt":{"rendered":"<p>A tranquilidade dos moradores das proximidades da C\u00e2mara Municipal, na Avenida Pedro Sales, tem sido interrompida por epis\u00f3dios recorrentes de perturba\u00e7\u00e3o do sossego. H\u00e1 pelo menos duas semanas, uma rep\u00fablica instalada na regi\u00e3o tem sido alvo de cr\u00edticas e den\u00fancias devido ao uso de som em volume excessivo e gritarias que se estendem durante o [&hellip;]<\/p>\n","protected":false},"author":20,"featured_media":323874,"comment_status":"closed","ping_status":"closed","sticky":false,"template":"","format":"standard","meta":{"advanced_seo_description":"","jetpack_seo_html_title":"","jetpack_seo_noindex":false,"_jetpack_memberships_contains_paid_content":false,"footnotes":""},"categories":[4],"tags":[],"class_list":["post-323875","post","type-post","status-publish","format-standard","has-post-thumbnail","hentry","category-lavras"],"jetpack_featured_media_url":"https:\/\/i0.wp.com\/www.lavras24horas.com.br\/portal\/wp-content\/uploads\/2026\/05\/Screenshot_2026-05-03-00-19-10-128_com.miui_.gallery-edit.jpg?fit=1080%2C1185&ssl=1","jetpack_sharing_enabled":true,"jetpack_likes_enabled":true,"jetpack_shortlink":"https:\/\/wp.me\/p12djN-1mfN","_links":{"self":[{"href":"https:\/\/www.lavras24horas.com.br\/portal\/wp-json\/wp\/v2\/posts\/323875","targetHints":{"allow":["GET"]}}],"collection":[{"href":"https:\/\/www.lavras24horas.com.br\/portal\/wp-json\/wp\/v2\/posts"}],"about":[{"href":"https:\/\/www.lavras24horas.com.br\/portal\/wp-json\/wp\/v2\/types\/post"}],"author":[{"embeddable":true,"href":"https:\/\/www.lavras24horas.com.br\/portal\/wp-json\/wp\/v2\/users\/20"}],"replies":[{"embeddable":true,"href":"https:\/\/www.lavras24horas.com.br\/portal\/wp-json\/wp\/v2\/comments?post=323875"}],"version-history":[{"count":1,"href":"https:\/\/www.lavras24horas.com.br\/portal\/wp-json\/wp\/v2\/posts\/323875\/revisions"}],"predecessor-version":[{"id":323876,"href":"https:\/\/www.lavras24horas.com.br\/portal\/wp-json\/wp\/v2\/posts\/323875\/revisions\/323876"}],"wp:featuredmedia":[{"embeddable":true,"href":"https:\/\/www.lavras24horas.com.br\/portal\/wp-json\/wp\/v2\/media\/323874"}],"wp:attachment":[{"href":"https:\/\/www.lavras24horas.com.br\/portal\/wp-json\/wp\/v2\/media?parent=323875"}],"wp:term":[{"taxonomy":"category","embeddable":true,"href":"https:\/\/www.lavras24horas.com.br\/portal\/wp-json\/wp\/v2\/categories?post=323875"},{"taxonomy":"post_tag","embeddable":true,"href":"https:\/\/www.lavras24horas.com.br\/portal\/wp-json\/wp\/v2\/tags?post=323875"}],"curies":[{"name":"wp","href":"https:\/\/api.w.org\/{rel}","templated":true}]}}