{"id":323795,"date":"2026-05-01T12:39:51","date_gmt":"2026-05-01T15:39:51","guid":{"rendered":"https:\/\/www.lavras24horas.com.br\/portal\/?p=323795"},"modified":"2026-05-01T12:40:58","modified_gmt":"2026-05-01T15:40:58","slug":"prefeitura-de-lavras-publica-edital-e-abre-inscricoes-para-eleicao-do-conselho-municipal-de-politicas-de-igualdade-racial","status":"publish","type":"post","link":"https:\/\/www.lavras24horas.com.br\/portal\/prefeitura-de-lavras-publica-edital-e-abre-inscricoes-para-eleicao-do-conselho-municipal-de-politicas-de-igualdade-racial\/","title":{"rendered":"Prefeitura de Lavras publica edital e abre inscri\u00e7\u00f5es para elei\u00e7\u00e3o do Conselho Municipal de Pol\u00edticas de Igualdade Racial"},"content":{"rendered":"\n<p>A Prefeitura de Lavras publicou, no dia 8 de abril, no Di\u00e1rio Oficial do Munic\u00edpio (Edi\u00e7\u00e3o n\u00ba 3728), o Edital CMPIR n\u00ba 001\/2026, que regulamenta o processo de escolha de representantes da sociedade civil para o Conselho Municipal de Pol\u00edticas de Igualdade Racial (CMPIR).<\/p>\n\n\n\n<figure class=\"wp-block-gallery has-nested-images columns-default is-cropped wp-block-gallery-1 is-layout-flex wp-block-gallery-is-layout-flex\">\n<figure class=\"wp-block-image\"><img data-recalc-dims=\"1\" fetchpriority=\"high\" decoding=\"async\" width=\"520\" height=\"650\" data-attachment-id=\"323797\" data-permalink=\"https:\/\/www.lavras24horas.com.br\/portal\/6f70fed9-465b-4466-af12-1306ee2a1075-jpg\/\" data-orig-file=\"https:\/\/i0.wp.com\/www.lavras24horas.com.br\/portal\/wp-content\/uploads\/2026\/05\/6f70fed9-465b-4466-af12-1306ee2a1075.jpg?fit=800%2C1000&amp;ssl=1\" data-orig-size=\"800,1000\" data-comments-opened=\"0\" data-image-meta=\"{&quot;aperture&quot;:&quot;0&quot;,&quot;credit&quot;:&quot;&quot;,&quot;camera&quot;:&quot;&quot;,&quot;caption&quot;:&quot;&quot;,&quot;created_timestamp&quot;:&quot;1777641578&quot;,&quot;copyright&quot;:&quot;&quot;,&quot;focal_length&quot;:&quot;0&quot;,&quot;iso&quot;:&quot;0&quot;,&quot;shutter_speed&quot;:&quot;0&quot;,&quot;title&quot;:&quot;&quot;,&quot;orientation&quot;:&quot;1&quot;}\" data-image-title=\"6f70fed9-465b-4466-af12-1306ee2a1075.jpg\" data-image-description=\"\" data-image-caption=\"\" data-large-file=\"https:\/\/i0.wp.com\/www.lavras24horas.com.br\/portal\/wp-content\/uploads\/2026\/05\/6f70fed9-465b-4466-af12-1306ee2a1075.jpg?fit=520%2C650&amp;ssl=1\" data-id=\"323797\" src=\"https:\/\/i0.wp.com\/www.lavras24horas.com.br\/portal\/wp-content\/uploads\/2026\/05\/6f70fed9-465b-4466-af12-1306ee2a1075.jpg?resize=520%2C650&#038;ssl=1\" alt=\"\" class=\"wp-image-323797\" srcset=\"https:\/\/i0.wp.com\/www.lavras24horas.com.br\/portal\/wp-content\/uploads\/2026\/05\/6f70fed9-465b-4466-af12-1306ee2a1075.jpg?resize=520%2C650&amp;ssl=1 520w, https:\/\/i0.wp.com\/www.lavras24horas.com.br\/portal\/wp-content\/uploads\/2026\/05\/6f70fed9-465b-4466-af12-1306ee2a1075.jpg?resize=768%2C960&amp;ssl=1 768w, https:\/\/i0.wp.com\/www.lavras24horas.com.br\/portal\/wp-content\/uploads\/2026\/05\/6f70fed9-465b-4466-af12-1306ee2a1075.jpg?w=800&amp;ssl=1 800w\" sizes=\"(max-width: 520px) 100vw, 520px\" \/><\/figure>\n\n\n\n<figure class=\"wp-block-image\"><img data-recalc-dims=\"1\" decoding=\"async\" width=\"520\" height=\"650\" data-attachment-id=\"323799\" data-permalink=\"https:\/\/www.lavras24horas.com.br\/portal\/7dbe71b7-4b21-4722-8312-849d5954bfe8-jpg\/\" data-orig-file=\"https:\/\/i0.wp.com\/www.lavras24horas.com.br\/portal\/wp-content\/uploads\/2026\/05\/7dbe71b7-4b21-4722-8312-849d5954bfe8.jpg?fit=800%2C1000&amp;ssl=1\" data-orig-size=\"800,1000\" data-comments-opened=\"0\" data-image-meta=\"{&quot;aperture&quot;:&quot;0&quot;,&quot;credit&quot;:&quot;&quot;,&quot;camera&quot;:&quot;&quot;,&quot;caption&quot;:&quot;&quot;,&quot;created_timestamp&quot;:&quot;1777641585&quot;,&quot;copyright&quot;:&quot;&quot;,&quot;focal_length&quot;:&quot;0&quot;,&quot;iso&quot;:&quot;0&quot;,&quot;shutter_speed&quot;:&quot;0&quot;,&quot;title&quot;:&quot;&quot;,&quot;orientation&quot;:&quot;1&quot;}\" data-image-title=\"7dbe71b7-4b21-4722-8312-849d5954bfe8.jpg\" data-image-description=\"\" data-image-caption=\"\" data-large-file=\"https:\/\/i0.wp.com\/www.lavras24horas.com.br\/portal\/wp-content\/uploads\/2026\/05\/7dbe71b7-4b21-4722-8312-849d5954bfe8.jpg?fit=520%2C650&amp;ssl=1\" data-id=\"323799\" data-src=\"https:\/\/i0.wp.com\/www.lavras24horas.com.br\/portal\/wp-content\/uploads\/2026\/05\/7dbe71b7-4b21-4722-8312-849d5954bfe8.jpg?resize=520%2C650&#038;ssl=1\" alt=\"\" class=\"wp-image-323799 lazyload\" data-srcset=\"https:\/\/i0.wp.com\/www.lavras24horas.com.br\/portal\/wp-content\/uploads\/2026\/05\/7dbe71b7-4b21-4722-8312-849d5954bfe8.jpg?resize=520%2C650&amp;ssl=1 520w, https:\/\/i0.wp.com\/www.lavras24horas.com.br\/portal\/wp-content\/uploads\/2026\/05\/7dbe71b7-4b21-4722-8312-849d5954bfe8.jpg?resize=768%2C960&amp;ssl=1 768w, https:\/\/i0.wp.com\/www.lavras24horas.com.br\/portal\/wp-content\/uploads\/2026\/05\/7dbe71b7-4b21-4722-8312-849d5954bfe8.jpg?w=800&amp;ssl=1 800w\" data-sizes=\"(max-width: 520px) 100vw, 520px\" src=\"data:image\/svg+xml;base64,PHN2ZyB3aWR0aD0iMSIgaGVpZ2h0PSIxIiB4bWxucz0iaHR0cDovL3d3dy53My5vcmcvMjAwMC9zdmciPjwvc3ZnPg==\" style=\"--smush-placeholder-width: 520px; --smush-placeholder-aspect-ratio: 520\/650;\" \/><\/figure>\n\n\n\n<figure class=\"wp-block-image\"><img data-recalc-dims=\"1\" decoding=\"async\" width=\"520\" height=\"650\" data-attachment-id=\"323800\" data-permalink=\"https:\/\/www.lavras24horas.com.br\/portal\/a51943ab-77fd-4b05-8025-bb7265f82504-jpg\/\" data-orig-file=\"https:\/\/i0.wp.com\/www.lavras24horas.com.br\/portal\/wp-content\/uploads\/2026\/05\/a51943ab-77fd-4b05-8025-bb7265f82504.jpg?fit=800%2C1000&amp;ssl=1\" data-orig-size=\"800,1000\" data-comments-opened=\"0\" data-image-meta=\"{&quot;aperture&quot;:&quot;0&quot;,&quot;credit&quot;:&quot;&quot;,&quot;camera&quot;:&quot;&quot;,&quot;caption&quot;:&quot;&quot;,&quot;created_timestamp&quot;:&quot;1777641593&quot;,&quot;copyright&quot;:&quot;&quot;,&quot;focal_length&quot;:&quot;0&quot;,&quot;iso&quot;:&quot;0&quot;,&quot;shutter_speed&quot;:&quot;0&quot;,&quot;title&quot;:&quot;&quot;,&quot;orientation&quot;:&quot;1&quot;}\" data-image-title=\"a51943ab-77fd-4b05-8025-bb7265f82504.jpg\" data-image-description=\"\" data-image-caption=\"\" data-large-file=\"https:\/\/i0.wp.com\/www.lavras24horas.com.br\/portal\/wp-content\/uploads\/2026\/05\/a51943ab-77fd-4b05-8025-bb7265f82504.jpg?fit=520%2C650&amp;ssl=1\" data-id=\"323800\" data-src=\"https:\/\/i0.wp.com\/www.lavras24horas.com.br\/portal\/wp-content\/uploads\/2026\/05\/a51943ab-77fd-4b05-8025-bb7265f82504.jpg?resize=520%2C650&#038;ssl=1\" alt=\"\" class=\"wp-image-323800 lazyload\" data-srcset=\"https:\/\/i0.wp.com\/www.lavras24horas.com.br\/portal\/wp-content\/uploads\/2026\/05\/a51943ab-77fd-4b05-8025-bb7265f82504.jpg?resize=520%2C650&amp;ssl=1 520w, https:\/\/i0.wp.com\/www.lavras24horas.com.br\/portal\/wp-content\/uploads\/2026\/05\/a51943ab-77fd-4b05-8025-bb7265f82504.jpg?resize=768%2C960&amp;ssl=1 768w, https:\/\/i0.wp.com\/www.lavras24horas.com.br\/portal\/wp-content\/uploads\/2026\/05\/a51943ab-77fd-4b05-8025-bb7265f82504.jpg?w=800&amp;ssl=1 800w\" data-sizes=\"(max-width: 520px) 100vw, 520px\" src=\"data:image\/svg+xml;base64,PHN2ZyB3aWR0aD0iMSIgaGVpZ2h0PSIxIiB4bWxucz0iaHR0cDovL3d3dy53My5vcmcvMjAwMC9zdmciPjwvc3ZnPg==\" style=\"--smush-placeholder-width: 520px; --smush-placeholder-aspect-ratio: 520\/650;\" \/><\/figure>\n\n\n\n<figure class=\"wp-block-image\"><img data-recalc-dims=\"1\" decoding=\"async\" width=\"520\" height=\"650\" data-attachment-id=\"323798\" data-permalink=\"https:\/\/www.lavras24horas.com.br\/portal\/75ff7db8-0f90-4d14-8681-c12f129c29e0-jpg\/\" data-orig-file=\"https:\/\/i0.wp.com\/www.lavras24horas.com.br\/portal\/wp-content\/uploads\/2026\/05\/75ff7db8-0f90-4d14-8681-c12f129c29e0.jpg?fit=800%2C1000&amp;ssl=1\" data-orig-size=\"800,1000\" data-comments-opened=\"0\" data-image-meta=\"{&quot;aperture&quot;:&quot;0&quot;,&quot;credit&quot;:&quot;&quot;,&quot;camera&quot;:&quot;&quot;,&quot;caption&quot;:&quot;&quot;,&quot;created_timestamp&quot;:&quot;1777641600&quot;,&quot;copyright&quot;:&quot;&quot;,&quot;focal_length&quot;:&quot;0&quot;,&quot;iso&quot;:&quot;0&quot;,&quot;shutter_speed&quot;:&quot;0&quot;,&quot;title&quot;:&quot;&quot;,&quot;orientation&quot;:&quot;1&quot;}\" data-image-title=\"75ff7db8-0f90-4d14-8681-c12f129c29e0.jpg\" data-image-description=\"\" data-image-caption=\"\" data-large-file=\"https:\/\/i0.wp.com\/www.lavras24horas.com.br\/portal\/wp-content\/uploads\/2026\/05\/75ff7db8-0f90-4d14-8681-c12f129c29e0.jpg?fit=520%2C650&amp;ssl=1\" data-id=\"323798\" data-src=\"https:\/\/i0.wp.com\/www.lavras24horas.com.br\/portal\/wp-content\/uploads\/2026\/05\/75ff7db8-0f90-4d14-8681-c12f129c29e0.jpg?resize=520%2C650&#038;ssl=1\" alt=\"\" class=\"wp-image-323798 lazyload\" data-srcset=\"https:\/\/i0.wp.com\/www.lavras24horas.com.br\/portal\/wp-content\/uploads\/2026\/05\/75ff7db8-0f90-4d14-8681-c12f129c29e0.jpg?resize=520%2C650&amp;ssl=1 520w, https:\/\/i0.wp.com\/www.lavras24horas.com.br\/portal\/wp-content\/uploads\/2026\/05\/75ff7db8-0f90-4d14-8681-c12f129c29e0.jpg?resize=768%2C960&amp;ssl=1 768w, https:\/\/i0.wp.com\/www.lavras24horas.com.br\/portal\/wp-content\/uploads\/2026\/05\/75ff7db8-0f90-4d14-8681-c12f129c29e0.jpg?w=800&amp;ssl=1 800w\" data-sizes=\"(max-width: 520px) 100vw, 520px\" src=\"data:image\/svg+xml;base64,PHN2ZyB3aWR0aD0iMSIgaGVpZ2h0PSIxIiB4bWxucz0iaHR0cDovL3d3dy53My5vcmcvMjAwMC9zdmciPjwvc3ZnPg==\" style=\"--smush-placeholder-width: 520px; --smush-placeholder-aspect-ratio: 520\/650;\" \/><\/figure>\n<\/figure>\n\n\n\n<p>O colegiado tem como principal miss\u00e3o contribuir para a formula\u00e7\u00e3o, implementa\u00e7\u00e3o e acompanhamento das pol\u00edticas p\u00fablicas de promo\u00e7\u00e3o da igualdade racial no munic\u00edpio. Com a publica\u00e7\u00e3o do edital, o Executivo municipal busca preencher vagas de titulares e suplentes, refor\u00e7ando a participa\u00e7\u00e3o popular no \u00f3rg\u00e3o.<\/p>\n\n\n\n<p>Data, local e como participar<\/p>\n\n\n\n<p>A elei\u00e7\u00e3o est\u00e1 marcada para o dia 14 de maio de 2026, \u00e0s 19h, na Casa dos Conselhos, localizada na Rua Saturnino de P\u00e1dua, n\u00ba 546, bairro dos Ip\u00eas.<\/p>\n\n\n\n<p>Podem se candidatar representantes de:<\/p>\n\n\n\n<ul class=\"wp-block-list\">\n<li>Organiza\u00e7\u00f5es ou grupos de cultura afro-brasileira;<\/li>\n\n\n\n<li>Entidades da sociedade civil organizada;<\/li>\n\n\n\n<li>Entidades de trabalhadores;<\/li>\n\n\n\n<li>Institui\u00e7\u00f5es religiosas;<\/li>\n\n\n\n<li>Entidades \u00e9tnico-raciais.<\/li>\n<\/ul>\n\n\n\n<p>As inscri\u00e7\u00f5es devem ser realizadas at\u00e9 o dia 14 de maio de 2026, por meio do envio da documenta\u00e7\u00e3o exigida para o e-mail saladosconselhos@lavras.mg.gov.br. Os documentos necess\u00e1rios s\u00e3o:<\/p>\n\n\n\n<ul class=\"wp-block-list\">\n<li>Carta de indica\u00e7\u00e3o da institui\u00e7\u00e3o (Anexo I do edital);<\/li>\n\n\n\n<li>Ficha de inscri\u00e7\u00e3o devidamente preenchida (Anexo II).<br \/>Import\u00e2ncia da participa\u00e7\u00e3o<\/li>\n<\/ul>\n\n\n\n<p>A participa\u00e7\u00e3o ativa da sociedade civil \u00e9 considerada essencial para o fortalecimento das pol\u00edticas de igualdade racial em Lavras. Atrav\u00e9s do CMPIR, representantes da comunidade poder\u00e3o influenciar diretamente a constru\u00e7\u00e3o de a\u00e7\u00f5es que combatam o racismo e promovam a inclus\u00e3o e o respeito \u00e0 diversidade \u00e9tnico-racial no munic\u00edpio.<\/p>\n\n\n\n<p>Interessados devem acessar o Di\u00e1rio Oficial do Munic\u00edpio ou entrar em contato com a Secretaria de Assist\u00eancia Social e Direitos Humanos para obter mais informa\u00e7\u00f5es sobre o edital e os anexos.<\/p>\n\n\n\n<p>A Prefeitura de Lavras refor\u00e7a o convite \u00e0 comunidade para que se engaje nesse importante processo democr\u00e1tico e participativo.<\/p>\n","protected":false},"excerpt":{"rendered":"<p>A Prefeitura de Lavras publicou, no dia 8 de abril, no Di\u00e1rio Oficial do Munic\u00edpio (Edi\u00e7\u00e3o n\u00ba 3728), o Edital CMPIR n\u00ba 001\/2026, que regulamenta o processo de escolha de representantes da sociedade civil para o Conselho Municipal de Pol\u00edticas de Igualdade Racial (CMPIR). O colegiado tem como principal miss\u00e3o contribuir para a formula\u00e7\u00e3o, implementa\u00e7\u00e3o [&hellip;]<\/p>\n","protected":false},"author":7,"featured_media":323794,"comment_status":"closed","ping_status":"closed","sticky":false,"template":"","format":"standard","meta":{"advanced_seo_description":"","jetpack_seo_html_title":"","jetpack_seo_noindex":false,"_jetpack_memberships_contains_paid_content":false,"footnotes":""},"categories":[4],"tags":[],"class_list":["post-323795","post","type-post","status-publish","format-standard","has-post-thumbnail","hentry","category-lavras"],"jetpack_featured_media_url":"https:\/\/i0.wp.com\/www.lavras24horas.com.br\/portal\/wp-content\/uploads\/2026\/05\/img_0068.jpg?fit=736%2C946&ssl=1","jetpack_sharing_enabled":true,"jetpack_likes_enabled":true,"jetpack_shortlink":"https:\/\/wp.me\/p12djN-1mev","_links":{"self":[{"href":"https:\/\/www.lavras24horas.com.br\/portal\/wp-json\/wp\/v2\/posts\/323795","targetHints":{"allow":["GET"]}}],"collection":[{"href":"https:\/\/www.lavras24horas.com.br\/portal\/wp-json\/wp\/v2\/posts"}],"about":[{"href":"https:\/\/www.lavras24horas.com.br\/portal\/wp-json\/wp\/v2\/types\/post"}],"author":[{"embeddable":true,"href":"https:\/\/www.lavras24horas.com.br\/portal\/wp-json\/wp\/v2\/users\/7"}],"replies":[{"embeddable":true,"href":"https:\/\/www.lavras24horas.com.br\/portal\/wp-json\/wp\/v2\/comments?post=323795"}],"version-history":[{"count":2,"href":"https:\/\/www.lavras24horas.com.br\/portal\/wp-json\/wp\/v2\/posts\/323795\/revisions"}],"predecessor-version":[{"id":323801,"href":"https:\/\/www.lavras24horas.com.br\/portal\/wp-json\/wp\/v2\/posts\/323795\/revisions\/323801"}],"wp:featuredmedia":[{"embeddable":true,"href":"https:\/\/www.lavras24horas.com.br\/portal\/wp-json\/wp\/v2\/media\/323794"}],"wp:attachment":[{"href":"https:\/\/www.lavras24horas.com.br\/portal\/wp-json\/wp\/v2\/media?parent=323795"}],"wp:term":[{"taxonomy":"category","embeddable":true,"href":"https:\/\/www.lavras24horas.com.br\/portal\/wp-json\/wp\/v2\/categories?post=323795"},{"taxonomy":"post_tag","embeddable":true,"href":"https:\/\/www.lavras24horas.com.br\/portal\/wp-json\/wp\/v2\/tags?post=323795"}],"curies":[{"name":"wp","href":"https:\/\/api.w.org\/{rel}","templated":true}]}}