{"id":323755,"date":"2026-04-30T15:45:19","date_gmt":"2026-04-30T18:45:19","guid":{"rendered":"https:\/\/www.lavras24horas.com.br\/portal\/?p=323755"},"modified":"2026-04-30T15:45:29","modified_gmt":"2026-04-30T18:45:29","slug":"nova-derrota-de-lula-congresso-derruba-veto-e-abre-caminho-para-reducao-de-penas-de-bolsonaro-e-condenados-do-8-de-janeiro","status":"publish","type":"post","link":"https:\/\/www.lavras24horas.com.br\/portal\/nova-derrota-de-lula-congresso-derruba-veto-e-abre-caminho-para-reducao-de-penas-de-bolsonaro-e-condenados-do-8-de-janeiro\/","title":{"rendered":"Nova derrota de Lula: Congresso derruba veto e abre caminho para redu\u00e7\u00e3o de penas de Bolsonaro e condenados do 8 de janeiro"},"content":{"rendered":"\n<p>A C\u00e2mara dos Deputados derrubou, nesta quinta-feira (30), o veto do presidente Luiz In\u00e1cio Lula da Silva ao projeto que altera as regras de puni\u00e7\u00e3o para condenados pelos atos de 8 de janeiro de 2023. A decis\u00e3o reacende o debate sobre uma poss\u00edvel flexibiliza\u00e7\u00e3o das penas e seus efeitos pol\u00edticos no pa\u00eds.<\/p>\n\n\n\n<p>A proposta modifica a dosimetria penal e impede a soma de puni\u00e7\u00f5es para crimes como tentativa de golpe de Estado e aboli\u00e7\u00e3o do Estado democr\u00e1tico de direito. Na pr\u00e1tica, o texto pode reduzir significativamente o tempo de pris\u00e3o de condenados, al\u00e9m de prever crit\u00e9rios mais brandos para progress\u00e3o de regime, especialmente em casos envolvendo atua\u00e7\u00e3o em multid\u00e3o.<\/p>\n\n\n\n<p>O projeto tem sido classificado por cr\u00edticos como uma esp\u00e9cie de \u201canistia indireta\u201d ou \u201canistia light\u201d, por abrir margem para revis\u00e3o das penas aplicadas aos envolvidos nos atos que resultaram na invas\u00e3o das sedes dos Tr\u00eas Poderes, em Bras\u00edlia.<\/p>\n\n\n\n<p>A medida tamb\u00e9m pode ter reflexos em investiga\u00e7\u00f5es que envolvem o ex-presidente Jair Bolsonaro, ampliando o impacto pol\u00edtico da decis\u00e3o e elevando a tens\u00e3o entre governo e oposi\u00e7\u00e3o no Congresso.<\/p>\n\n\n\n<p>O veto presidencial havia sido justificado pelo Pal\u00e1cio do Planalto sob o argumento de que a proposta representaria risco institucional e poderia enfraquecer a responsabiliza\u00e7\u00e3o por atos contra a democracia. Ainda assim, a derrubada na C\u00e2mara evidencia dificuldades de articula\u00e7\u00e3o do governo federal e o avan\u00e7o da pauta defendida por setores da oposi\u00e7\u00e3o.<\/p>\n\n\n\n<p>Apesar da derrota do Executivo na C\u00e2mara, o texto ainda precisa ser analisado pelo Senado para que a derrubada do veto seja confirmada definitivamente. At\u00e9 l\u00e1, n\u00e3o h\u00e1 mudan\u00e7a imediata nas penas j\u00e1 aplicadas.<\/p>\n\n\n\n<p>Nos bastidores, a vota\u00e7\u00e3o \u00e9 vista como um marco na disputa pol\u00edtica sobre os desdobramentos do 8 de janeiro, com potencial de redefinir o tratamento jur\u00eddico dos envolvidos e influenciar diretamente o cen\u00e1rio pol\u00edtico nacional.<\/p>\n","protected":false},"excerpt":{"rendered":"<p>A C\u00e2mara dos Deputados derrubou, nesta quinta-feira (30), o veto do presidente Luiz In\u00e1cio Lula da Silva ao projeto que altera as regras de puni\u00e7\u00e3o para condenados pelos atos de 8 de janeiro de 2023. A decis\u00e3o reacende o debate sobre uma poss\u00edvel flexibiliza\u00e7\u00e3o das penas e seus efeitos pol\u00edticos no pa\u00eds. A proposta modifica [&hellip;]<\/p>\n","protected":false},"author":7,"featured_media":323756,"comment_status":"closed","ping_status":"closed","sticky":false,"template":"","format":"standard","meta":{"advanced_seo_description":"","jetpack_seo_html_title":"","jetpack_seo_noindex":false,"_jetpack_memberships_contains_paid_content":false,"footnotes":""},"categories":[31047],"tags":[],"class_list":["post-323755","post","type-post","status-publish","format-standard","has-post-thumbnail","hentry","category-brasil"],"jetpack_featured_media_url":"https:\/\/i0.wp.com\/www.lavras24horas.com.br\/portal\/wp-content\/uploads\/2026\/04\/1000412797_5b9684d4b5d899eaa4782b2358c7e3b6-30_04_2026-15_39_54.jpg?fit=888%2C599&ssl=1","jetpack_sharing_enabled":true,"jetpack_likes_enabled":true,"_links":{"self":[{"href":"https:\/\/www.lavras24horas.com.br\/portal\/wp-json\/wp\/v2\/posts\/323755","targetHints":{"allow":["GET"]}}],"collection":[{"href":"https:\/\/www.lavras24horas.com.br\/portal\/wp-json\/wp\/v2\/posts"}],"about":[{"href":"https:\/\/www.lavras24horas.com.br\/portal\/wp-json\/wp\/v2\/types\/post"}],"author":[{"embeddable":true,"href":"https:\/\/www.lavras24horas.com.br\/portal\/wp-json\/wp\/v2\/users\/7"}],"replies":[{"embeddable":true,"href":"https:\/\/www.lavras24horas.com.br\/portal\/wp-json\/wp\/v2\/comments?post=323755"}],"version-history":[{"count":1,"href":"https:\/\/www.lavras24horas.com.br\/portal\/wp-json\/wp\/v2\/posts\/323755\/revisions"}],"predecessor-version":[{"id":323757,"href":"https:\/\/www.lavras24horas.com.br\/portal\/wp-json\/wp\/v2\/posts\/323755\/revisions\/323757"}],"wp:featuredmedia":[{"embeddable":true,"href":"https:\/\/www.lavras24horas.com.br\/portal\/wp-json\/wp\/v2\/media\/323756"}],"wp:attachment":[{"href":"https:\/\/www.lavras24horas.com.br\/portal\/wp-json\/wp\/v2\/media?parent=323755"}],"wp:term":[{"taxonomy":"category","embeddable":true,"href":"https:\/\/www.lavras24horas.com.br\/portal\/wp-json\/wp\/v2\/categories?post=323755"},{"taxonomy":"post_tag","embeddable":true,"href":"https:\/\/www.lavras24horas.com.br\/portal\/wp-json\/wp\/v2\/tags?post=323755"}],"curies":[{"name":"wp","href":"https:\/\/api.w.org\/{rel}","templated":true}]}}