{"id":323750,"date":"2026-04-30T15:39:08","date_gmt":"2026-04-30T18:39:08","guid":{"rendered":"https:\/\/www.lavras24horas.com.br\/portal\/?p=323750"},"modified":"2026-04-30T15:39:18","modified_gmt":"2026-04-30T18:39:18","slug":"atletas-da-ufla-conquistam-podios-e-bons-resultados-em-competicao-nacional-de-atletismo","status":"publish","type":"post","link":"https:\/\/www.lavras24horas.com.br\/portal\/atletas-da-ufla-conquistam-podios-e-bons-resultados-em-competicao-nacional-de-atletismo\/","title":{"rendered":"Atletas da UFLA conquistam p\u00f3dios e bons resultados em competi\u00e7\u00e3o nacional de atletismo"},"content":{"rendered":"\n<p>Entre os dias 24 e 26 de abril, estudantes da Universidade Federal de Lavras (UFLA) representaram a institui\u00e7\u00e3o no Trof\u00e9u Adhemar Ferreira da Silva, uma das principais competi\u00e7\u00f5es universit\u00e1rias e federadas de atletismo do Brasil.<\/p>\n\n\n\n<figure class=\"wp-block-gallery has-nested-images columns-default is-cropped wp-block-gallery-1 is-layout-flex wp-block-gallery-is-layout-flex\">\n<figure class=\"wp-block-image size-large\"><img data-recalc-dims=\"1\" fetchpriority=\"high\" decoding=\"async\" width=\"345\" height=\"467\" data-attachment-id=\"323752\" data-permalink=\"https:\/\/www.lavras24horas.com.br\/portal\/atletas-da-ufla-conquistam-podios-e-bons-resultados-em-competicao-nacional-de-atletismo\/captura_de_tela_2026-04-30_122720\/\" data-orig-file=\"https:\/\/i0.wp.com\/www.lavras24horas.com.br\/portal\/wp-content\/uploads\/2026\/04\/Captura_de_tela_2026-04-30_122720.png?fit=345%2C467&amp;ssl=1\" data-orig-size=\"345,467\" data-comments-opened=\"0\" data-image-meta=\"{&quot;aperture&quot;:&quot;0&quot;,&quot;credit&quot;:&quot;&quot;,&quot;camera&quot;:&quot;&quot;,&quot;caption&quot;:&quot;&quot;,&quot;created_timestamp&quot;:&quot;0&quot;,&quot;copyright&quot;:&quot;&quot;,&quot;focal_length&quot;:&quot;0&quot;,&quot;iso&quot;:&quot;0&quot;,&quot;shutter_speed&quot;:&quot;0&quot;,&quot;title&quot;:&quot;&quot;,&quot;orientation&quot;:&quot;0&quot;}\" data-image-title=\"Captura_de_tela_2026-04-30_122720\" data-image-description=\"\" data-image-caption=\"\" data-large-file=\"https:\/\/i0.wp.com\/www.lavras24horas.com.br\/portal\/wp-content\/uploads\/2026\/04\/Captura_de_tela_2026-04-30_122720.png?fit=345%2C467&amp;ssl=1\" data-id=\"323752\" src=\"https:\/\/i0.wp.com\/www.lavras24horas.com.br\/portal\/wp-content\/uploads\/2026\/04\/Captura_de_tela_2026-04-30_122720.png?resize=345%2C467&#038;ssl=1\" alt=\"\" class=\"wp-image-323752\"\/><\/figure>\n\n\n\n<figure class=\"wp-block-image size-large\"><img data-recalc-dims=\"1\" decoding=\"async\" width=\"330\" height=\"389\" data-attachment-id=\"323753\" data-permalink=\"https:\/\/www.lavras24horas.com.br\/portal\/atletas-da-ufla-conquistam-podios-e-bons-resultados-em-competicao-nacional-de-atletismo\/captura_de_tela_2026-04-30_143030\/\" data-orig-file=\"https:\/\/i0.wp.com\/www.lavras24horas.com.br\/portal\/wp-content\/uploads\/2026\/04\/Captura_de_tela_2026-04-30_143030.png?fit=330%2C389&amp;ssl=1\" data-orig-size=\"330,389\" data-comments-opened=\"0\" data-image-meta=\"{&quot;aperture&quot;:&quot;0&quot;,&quot;credit&quot;:&quot;&quot;,&quot;camera&quot;:&quot;&quot;,&quot;caption&quot;:&quot;&quot;,&quot;created_timestamp&quot;:&quot;0&quot;,&quot;copyright&quot;:&quot;&quot;,&quot;focal_length&quot;:&quot;0&quot;,&quot;iso&quot;:&quot;0&quot;,&quot;shutter_speed&quot;:&quot;0&quot;,&quot;title&quot;:&quot;&quot;,&quot;orientation&quot;:&quot;0&quot;}\" data-image-title=\"Captura_de_tela_2026-04-30_143030\" data-image-description=\"\" data-image-caption=\"\" data-large-file=\"https:\/\/i0.wp.com\/www.lavras24horas.com.br\/portal\/wp-content\/uploads\/2026\/04\/Captura_de_tela_2026-04-30_143030.png?fit=330%2C389&amp;ssl=1\" data-id=\"323753\" src=\"https:\/\/i0.wp.com\/www.lavras24horas.com.br\/portal\/wp-content\/uploads\/2026\/04\/Captura_de_tela_2026-04-30_143030.png?resize=330%2C389&#038;ssl=1\" alt=\"\" class=\"wp-image-323753\"\/><\/figure>\n<\/figure>\n\n\n\n<p>A delega\u00e7\u00e3o do Cria Lavras Atletismo, composta por dez atletas, conquistou destaque. Na categoria federada, <strong>Ja\u00edny Suelen dos Santos Barreto<\/strong> ficou em 3\u00ba lugar nos 400 metros rasos e <strong>Islane Pereira Lopes de Oliveira<\/strong> tamb\u00e9m garantiu o bronze nos 800 metros rasos. No cen\u00e1rio universit\u00e1rio, <strong>Isabella Gon\u00e7alves Brasil<\/strong>, caloura de Engenharia Ambiental, conquistou a medalha de bronze no arremesso de peso.<\/p>\n\n\n\n<p>Outros atletas do Cria Lavras obtiveram bons desempenhos, com coloca\u00e7\u00f5es entre o 7\u00ba e o 22\u00ba lugar em provas como salto triplo, 100m com barreiras, 200m, 800m, 1.500m, 5.000m, salto em dist\u00e2ncia, arremesso de peso e lan\u00e7amento de disco.<\/p>\n\n\n\n<p>A equipe foi comandada pelo treinador Pablo Ramon Domingos e contou com o fundamental apoio da Associa\u00e7\u00e3o Fernando Oliveira (Afro).<\/p>\n\n\n\n<p>\u201cA presen\u00e7a da UFLA no Trof\u00e9u Adhemar Ferreira da Silva refor\u00e7a o papel da Universidade no incentivo ao esporte de alto rendimento e mostra o potencial dos atletas lavrenses no cen\u00e1rio nacional\u201d, destacou o treinador.<\/p>\n","protected":false},"excerpt":{"rendered":"<p>Entre os dias 24 e 26 de abril, estudantes da Universidade Federal de Lavras (UFLA) representaram a institui\u00e7\u00e3o no Trof\u00e9u Adhemar Ferreira da Silva, uma das principais competi\u00e7\u00f5es universit\u00e1rias e federadas de atletismo do Brasil. A delega\u00e7\u00e3o do Cria Lavras Atletismo, composta por dez atletas, conquistou destaque. Na categoria federada, Ja\u00edny Suelen dos Santos Barreto [&hellip;]<\/p>\n","protected":false},"author":7,"featured_media":323751,"comment_status":"closed","ping_status":"closed","sticky":false,"template":"","format":"standard","meta":{"advanced_seo_description":"","jetpack_seo_html_title":"","jetpack_seo_noindex":false,"_jetpack_memberships_contains_paid_content":false,"footnotes":""},"categories":[1],"tags":[],"class_list":["post-323750","post","type-post","status-publish","format-standard","has-post-thumbnail","hentry","category-sem-categoria"],"jetpack_featured_media_url":"https:\/\/i0.wp.com\/www.lavras24horas.com.br\/portal\/wp-content\/uploads\/2026\/04\/Captura_de_tela_2026-04-30_122652-e1777574289936.png?fit=336%2C274&ssl=1","jetpack_sharing_enabled":true,"jetpack_likes_enabled":true,"_links":{"self":[{"href":"https:\/\/www.lavras24horas.com.br\/portal\/wp-json\/wp\/v2\/posts\/323750","targetHints":{"allow":["GET"]}}],"collection":[{"href":"https:\/\/www.lavras24horas.com.br\/portal\/wp-json\/wp\/v2\/posts"}],"about":[{"href":"https:\/\/www.lavras24horas.com.br\/portal\/wp-json\/wp\/v2\/types\/post"}],"author":[{"embeddable":true,"href":"https:\/\/www.lavras24horas.com.br\/portal\/wp-json\/wp\/v2\/users\/7"}],"replies":[{"embeddable":true,"href":"https:\/\/www.lavras24horas.com.br\/portal\/wp-json\/wp\/v2\/comments?post=323750"}],"version-history":[{"count":1,"href":"https:\/\/www.lavras24horas.com.br\/portal\/wp-json\/wp\/v2\/posts\/323750\/revisions"}],"predecessor-version":[{"id":323754,"href":"https:\/\/www.lavras24horas.com.br\/portal\/wp-json\/wp\/v2\/posts\/323750\/revisions\/323754"}],"wp:featuredmedia":[{"embeddable":true,"href":"https:\/\/www.lavras24horas.com.br\/portal\/wp-json\/wp\/v2\/media\/323751"}],"wp:attachment":[{"href":"https:\/\/www.lavras24horas.com.br\/portal\/wp-json\/wp\/v2\/media?parent=323750"}],"wp:term":[{"taxonomy":"category","embeddable":true,"href":"https:\/\/www.lavras24horas.com.br\/portal\/wp-json\/wp\/v2\/categories?post=323750"},{"taxonomy":"post_tag","embeddable":true,"href":"https:\/\/www.lavras24horas.com.br\/portal\/wp-json\/wp\/v2\/tags?post=323750"}],"curies":[{"name":"wp","href":"https:\/\/api.w.org\/{rel}","templated":true}]}}