{"id":323741,"date":"2026-04-30T12:25:58","date_gmt":"2026-04-30T15:25:58","guid":{"rendered":"https:\/\/www.lavras24horas.com.br\/portal\/?p=323741"},"modified":"2026-04-30T12:26:03","modified_gmt":"2026-04-30T15:26:03","slug":"desemprego-volta-a-subir-e-atinge-61-no-inicio-de-2026","status":"publish","type":"post","link":"https:\/\/www.lavras24horas.com.br\/portal\/desemprego-volta-a-subir-e-atinge-61-no-inicio-de-2026\/","title":{"rendered":"Desemprego volta a subir e atinge 6,1% no in\u00edcio de 2026"},"content":{"rendered":"\n<p>A taxa de desemprego no Brasil registrou alta e chegou a 6,1% no trimestre encerrado em mar\u00e7o de 2026, segundo dados divulgados pelo IBGE. O avan\u00e7o interrompe a sequ\u00eancia de estabilidade observada no fim de 2025 e indica uma leve perda de ritmo no mercado de trabalho.<\/p>\n\n\n\n<p><br>De acordo com o levantamento da PNAD Cont\u00ednua, o n\u00famero de brasileiros sem ocupa\u00e7\u00e3o alcan\u00e7a cerca de 6,6 milh\u00f5es de pessoas, refletindo um cen\u00e1rio t\u00edpico do in\u00edcio do ano, quando h\u00e1 redu\u00e7\u00e3o de vagas tempor\u00e1rias criadas durante o per\u00edodo de festas.<\/p>\n\n\n\n<p><br>Apesar da alta, o \u00edndice ainda \u00e9 considerado baixo em compara\u00e7\u00e3o aos padr\u00f5es recentes, permanecendo abaixo dos n\u00edveis registrados no mesmo per\u00edodo do ano passado. Economistas apontam que o movimento n\u00e3o representa, por ora, uma deteriora\u00e7\u00e3o estrutural do mercado, mas sim um ajuste sazonal.<\/p>\n\n\n\n<p><br>Outro ponto observado \u00e9 a desacelera\u00e7\u00e3o na gera\u00e7\u00e3o de empregos formais, o que pode indicar um ambiente econ\u00f4mico mais cauteloso por parte das empresas nos primeiros meses de 2026.<\/p>\n\n\n\n<p><br>A expectativa do mercado \u00e9 que, com a retomada gradual da atividade econ\u00f4mica ao longo do ano, o emprego volte a apresentar melhora, reduzindo novamente a taxa de desocupa\u00e7\u00e3o nos pr\u00f3ximos trimestres.<\/p>\n","protected":false},"excerpt":{"rendered":"<p>A taxa de desemprego no Brasil registrou alta e chegou a 6,1% no trimestre encerrado em mar\u00e7o de 2026, segundo dados divulgados pelo IBGE. O avan\u00e7o interrompe a sequ\u00eancia de estabilidade observada no fim de 2025 e indica uma leve perda de ritmo no mercado de trabalho. De acordo com o levantamento da PNAD Cont\u00ednua, [&hellip;]<\/p>\n","protected":false},"author":20,"featured_media":323740,"comment_status":"closed","ping_status":"closed","sticky":false,"template":"","format":"standard","meta":{"advanced_seo_description":"","jetpack_seo_html_title":"","jetpack_seo_noindex":false,"_jetpack_memberships_contains_paid_content":false,"footnotes":""},"categories":[31047],"tags":[],"class_list":["post-323741","post","type-post","status-publish","format-standard","has-post-thumbnail","hentry","category-brasil"],"jetpack_featured_media_url":"https:\/\/i0.wp.com\/www.lavras24horas.com.br\/portal\/wp-content\/uploads\/2026\/04\/desemprego.jpg?fit=1280%2C680&ssl=1","jetpack_sharing_enabled":true,"jetpack_likes_enabled":true,"_links":{"self":[{"href":"https:\/\/www.lavras24horas.com.br\/portal\/wp-json\/wp\/v2\/posts\/323741","targetHints":{"allow":["GET"]}}],"collection":[{"href":"https:\/\/www.lavras24horas.com.br\/portal\/wp-json\/wp\/v2\/posts"}],"about":[{"href":"https:\/\/www.lavras24horas.com.br\/portal\/wp-json\/wp\/v2\/types\/post"}],"author":[{"embeddable":true,"href":"https:\/\/www.lavras24horas.com.br\/portal\/wp-json\/wp\/v2\/users\/20"}],"replies":[{"embeddable":true,"href":"https:\/\/www.lavras24horas.com.br\/portal\/wp-json\/wp\/v2\/comments?post=323741"}],"version-history":[{"count":1,"href":"https:\/\/www.lavras24horas.com.br\/portal\/wp-json\/wp\/v2\/posts\/323741\/revisions"}],"predecessor-version":[{"id":323742,"href":"https:\/\/www.lavras24horas.com.br\/portal\/wp-json\/wp\/v2\/posts\/323741\/revisions\/323742"}],"wp:featuredmedia":[{"embeddable":true,"href":"https:\/\/www.lavras24horas.com.br\/portal\/wp-json\/wp\/v2\/media\/323740"}],"wp:attachment":[{"href":"https:\/\/www.lavras24horas.com.br\/portal\/wp-json\/wp\/v2\/media?parent=323741"}],"wp:term":[{"taxonomy":"category","embeddable":true,"href":"https:\/\/www.lavras24horas.com.br\/portal\/wp-json\/wp\/v2\/categories?post=323741"},{"taxonomy":"post_tag","embeddable":true,"href":"https:\/\/www.lavras24horas.com.br\/portal\/wp-json\/wp\/v2\/tags?post=323741"}],"curies":[{"name":"wp","href":"https:\/\/api.w.org\/{rel}","templated":true}]}}