{"id":323738,"date":"2026-04-30T11:18:47","date_gmt":"2026-04-30T14:18:47","guid":{"rendered":"https:\/\/www.lavras24horas.com.br\/portal\/?p=323738"},"modified":"2026-04-30T11:18:55","modified_gmt":"2026-04-30T14:18:55","slug":"%f0%9f%8e%89%f0%9f%94%a5-perdoes-vai-tremer-prefeitura-anuncia-show-de-peso-em-comemoracao-aos-114-anos-do-municipio","status":"publish","type":"post","link":"https:\/\/www.lavras24horas.com.br\/portal\/%f0%9f%8e%89%f0%9f%94%a5-perdoes-vai-tremer-prefeitura-anuncia-show-de-peso-em-comemoracao-aos-114-anos-do-municipio\/","title":{"rendered":"\ud83c\udf89\ud83d\udd25 PERD\u00d5ES VAI TREMER: Prefeitura anuncia show de peso em comemora\u00e7\u00e3o aos 114 anos do munic\u00edpio"},"content":{"rendered":"\n<p>A Prefeitura de Perd\u00f5es confirmou uma grande atra\u00e7\u00e3o para celebrar o anivers\u00e1rio de 114 anos do munic\u00edpio. A festa promete movimentar a cidade e reunir um grande p\u00fablico em uma noite especial.<\/p>\n\n\n\n<figure class=\"wp-block-video\"><video height=\"1280\" style=\"aspect-ratio: 720 \/ 1280;\" width=\"720\" controls src=\"https:\/\/www.lavras24horas.com.br\/portal\/wp-content\/uploads\/2026\/04\/prefeituradeperdoes-20260430-0001.mp4\"><\/video><\/figure>\n\n\n\n<p><br>No dia 30 de maio, quem sobe ao palco \u00e9 a consagrada dupla C\u00e9sar Menotti &amp; Fabiano, sucesso em todo o Brasil e conhecida por hits que marcaram o sertanejo. A apresenta\u00e7\u00e3o deve ser um dos pontos altos da programa\u00e7\u00e3o comemorativa.<\/p>\n\n\n\n<p><br>A proposta \u00e9 oferecer um evento marcante, com clima de festa, emo\u00e7\u00e3o e muita m\u00fasica para moradores e visitantes. A expectativa \u00e9 de uma celebra\u00e7\u00e3o \u00e0 altura da hist\u00f3ria da cidade, fortalecendo tamb\u00e9m o calend\u00e1rio cultural local.<\/p>\n\n\n\n<p><br>A Prefeitura informou que, em breve, novos detalhes sobre a programa\u00e7\u00e3o completa ser\u00e3o divulgados.<\/p>\n\n\n\n<p><br>A orienta\u00e7\u00e3o \u00e9 clara: j\u00e1 marcar a data na agenda e se preparar para uma noite inesquec\u00edvel em Perd\u00f5es. \ud83e\udd73<\/p>\n","protected":false},"excerpt":{"rendered":"<p>A Prefeitura de Perd\u00f5es confirmou uma grande atra\u00e7\u00e3o para celebrar o anivers\u00e1rio de 114 anos do munic\u00edpio. A festa promete movimentar a cidade e reunir um grande p\u00fablico em uma noite especial. No dia 30 de maio, quem sobe ao palco \u00e9 a consagrada dupla C\u00e9sar Menotti &amp; Fabiano, sucesso em todo o Brasil e [&hellip;]<\/p>\n","protected":false},"author":20,"featured_media":323736,"comment_status":"closed","ping_status":"closed","sticky":false,"template":"","format":"standard","meta":{"advanced_seo_description":"","jetpack_seo_html_title":"","jetpack_seo_noindex":false,"_jetpack_memberships_contains_paid_content":false,"footnotes":""},"categories":[79],"tags":[],"class_list":["post-323738","post","type-post","status-publish","format-standard","has-post-thumbnail","hentry","category-regiao"],"jetpack_featured_media_url":"https:\/\/i0.wp.com\/www.lavras24horas.com.br\/portal\/wp-content\/uploads\/2026\/04\/channels4_profile-1.jpg?fit=900%2C900&ssl=1","jetpack_sharing_enabled":true,"jetpack_likes_enabled":true,"_links":{"self":[{"href":"https:\/\/www.lavras24horas.com.br\/portal\/wp-json\/wp\/v2\/posts\/323738","targetHints":{"allow":["GET"]}}],"collection":[{"href":"https:\/\/www.lavras24horas.com.br\/portal\/wp-json\/wp\/v2\/posts"}],"about":[{"href":"https:\/\/www.lavras24horas.com.br\/portal\/wp-json\/wp\/v2\/types\/post"}],"author":[{"embeddable":true,"href":"https:\/\/www.lavras24horas.com.br\/portal\/wp-json\/wp\/v2\/users\/20"}],"replies":[{"embeddable":true,"href":"https:\/\/www.lavras24horas.com.br\/portal\/wp-json\/wp\/v2\/comments?post=323738"}],"version-history":[{"count":1,"href":"https:\/\/www.lavras24horas.com.br\/portal\/wp-json\/wp\/v2\/posts\/323738\/revisions"}],"predecessor-version":[{"id":323739,"href":"https:\/\/www.lavras24horas.com.br\/portal\/wp-json\/wp\/v2\/posts\/323738\/revisions\/323739"}],"wp:featuredmedia":[{"embeddable":true,"href":"https:\/\/www.lavras24horas.com.br\/portal\/wp-json\/wp\/v2\/media\/323736"}],"wp:attachment":[{"href":"https:\/\/www.lavras24horas.com.br\/portal\/wp-json\/wp\/v2\/media?parent=323738"}],"wp:term":[{"taxonomy":"category","embeddable":true,"href":"https:\/\/www.lavras24horas.com.br\/portal\/wp-json\/wp\/v2\/categories?post=323738"},{"taxonomy":"post_tag","embeddable":true,"href":"https:\/\/www.lavras24horas.com.br\/portal\/wp-json\/wp\/v2\/tags?post=323738"}],"curies":[{"name":"wp","href":"https:\/\/api.w.org\/{rel}","templated":true}]}}