{"id":323731,"date":"2026-04-29T20:12:02","date_gmt":"2026-04-29T23:12:02","guid":{"rendered":"https:\/\/www.lavras24horas.com.br\/portal\/?p=323731"},"modified":"2026-04-29T20:12:02","modified_gmt":"2026-04-29T23:12:02","slug":"nao-vi-mulher-de-34-admite-que-usava-celular-e-atropela-tres-policiais-militares-durante-blitz-em-uberlandia","status":"publish","type":"post","link":"https:\/\/www.lavras24horas.com.br\/portal\/nao-vi-mulher-de-34-admite-que-usava-celular-e-atropela-tres-policiais-militares-durante-blitz-em-uberlandia\/","title":{"rendered":"\u201cN\u00e3o vi\u201d: Mulher de 34 admite que usava celular e atropela tr\u00eas policiais militares durante blitz em Uberl\u00e2ndia"},"content":{"rendered":"\n<p>Tr\u00eas policiais militares ficaram feridos na noite desta ter\u00e7a-feira (28) ap\u00f3s serem atingidos por um carro enquanto realizavam uma abordagem na Avenida Rondon Pacheco, uma das principais vias da cidade.<\/p>\n\n\n\n<p>De acordo com informa\u00e7\u00f5es da Pol\u00edcia Militar, os militares do Grupamento Especializado em Policiamento de \u00c1reas de Risco (Gepar) estavam em duas motocicletas, com luzes de emerg\u00eancia acionadas, abordando um motorista que trafegava de forma irregular. Um ve\u00edculo que seguia logo atr\u00e1s n\u00e3o conseguiu frear a tempo e colidiu com a equipe.<\/p>\n\n\n\n<p>A condutora, uma mulher de 34 anos, admitiu aos policiais que n\u00e3o percebeu a presen\u00e7a da blitz porque estava distra\u00edda ao manusear o celular. Ainda segundo a corpora\u00e7\u00e3o, as motocicletas tinham os sinais luminosos ligados no momento do acidente.<\/p>\n\n\n\n<p>A motorista possui habilita\u00e7\u00e3o regular e a documenta\u00e7\u00e3o do ve\u00edculo em dia. Ela realizou o teste do baf\u00f4metro, que n\u00e3o indicou consumo de \u00e1lcool.<\/p>\n\n\n\n<p>Os tr\u00eas policiais militares sofreram ferimentos e foram socorridos pelo Corpo de Bombeiros. Eles foram encaminhados \u00e0 Unidade de Atendimento Integrado (UAI) do Bairro Tibery e, segundo a PM, n\u00e3o correm risco de morte.<\/p>\n\n\n\n<p>O caso foi registrado e a condutora responder\u00e1 por les\u00e3o corporal culposa na dire\u00e7\u00e3o de ve\u00edculo automotor, al\u00e9m de infra\u00e7\u00e3o grav\u00edssima por uso de celular ao volante.<\/p>\n\n\n\n<p>A Pol\u00edcia Civil deve investigar o acidente para esclarecer todos os detalhes.<\/p>\n","protected":false},"excerpt":{"rendered":"<p>Tr\u00eas policiais militares ficaram feridos na noite desta ter\u00e7a-feira (28) ap\u00f3s serem atingidos por um carro enquanto realizavam uma abordagem na Avenida Rondon Pacheco, uma das principais vias da cidade. De acordo com informa\u00e7\u00f5es da Pol\u00edcia Militar, os militares do Grupamento Especializado em Policiamento de \u00c1reas de Risco (Gepar) estavam em duas motocicletas, com luzes [&hellip;]<\/p>\n","protected":false},"author":7,"featured_media":323730,"comment_status":"closed","ping_status":"closed","sticky":false,"template":"","format":"standard","meta":{"advanced_seo_description":"","jetpack_seo_html_title":"","jetpack_seo_noindex":false,"_jetpack_memberships_contains_paid_content":false,"footnotes":""},"categories":[79],"tags":[],"class_list":["post-323731","post","type-post","status-publish","format-standard","has-post-thumbnail","hentry","category-regiao"],"jetpack_featured_media_url":"https:\/\/i0.wp.com\/www.lavras24horas.com.br\/portal\/wp-content\/uploads\/2026\/04\/img_9991.jpg?fit=600%2C338&ssl=1","jetpack_sharing_enabled":true,"jetpack_likes_enabled":true,"jetpack_shortlink":"https:\/\/wp.me\/p12djN-1mdt","_links":{"self":[{"href":"https:\/\/www.lavras24horas.com.br\/portal\/wp-json\/wp\/v2\/posts\/323731","targetHints":{"allow":["GET"]}}],"collection":[{"href":"https:\/\/www.lavras24horas.com.br\/portal\/wp-json\/wp\/v2\/posts"}],"about":[{"href":"https:\/\/www.lavras24horas.com.br\/portal\/wp-json\/wp\/v2\/types\/post"}],"author":[{"embeddable":true,"href":"https:\/\/www.lavras24horas.com.br\/portal\/wp-json\/wp\/v2\/users\/7"}],"replies":[{"embeddable":true,"href":"https:\/\/www.lavras24horas.com.br\/portal\/wp-json\/wp\/v2\/comments?post=323731"}],"version-history":[{"count":1,"href":"https:\/\/www.lavras24horas.com.br\/portal\/wp-json\/wp\/v2\/posts\/323731\/revisions"}],"predecessor-version":[{"id":323732,"href":"https:\/\/www.lavras24horas.com.br\/portal\/wp-json\/wp\/v2\/posts\/323731\/revisions\/323732"}],"wp:featuredmedia":[{"embeddable":true,"href":"https:\/\/www.lavras24horas.com.br\/portal\/wp-json\/wp\/v2\/media\/323730"}],"wp:attachment":[{"href":"https:\/\/www.lavras24horas.com.br\/portal\/wp-json\/wp\/v2\/media?parent=323731"}],"wp:term":[{"taxonomy":"category","embeddable":true,"href":"https:\/\/www.lavras24horas.com.br\/portal\/wp-json\/wp\/v2\/categories?post=323731"},{"taxonomy":"post_tag","embeddable":true,"href":"https:\/\/www.lavras24horas.com.br\/portal\/wp-json\/wp\/v2\/tags?post=323731"}],"curies":[{"name":"wp","href":"https:\/\/api.w.org\/{rel}","templated":true}]}}