{"id":323718,"date":"2026-04-29T20:01:10","date_gmt":"2026-04-29T23:01:10","guid":{"rendered":"https:\/\/www.lavras24horas.com.br\/portal\/?p=323718"},"modified":"2026-04-29T20:01:13","modified_gmt":"2026-04-29T23:01:13","slug":"luminarias-se-transforma-na-capital-do-rock-e-do-motociclismo-com-o-3o-moto-fest","status":"publish","type":"post","link":"https:\/\/www.lavras24horas.com.br\/portal\/luminarias-se-transforma-na-capital-do-rock-e-do-motociclismo-com-o-3o-moto-fest\/","title":{"rendered":"Lumin\u00e1rias se transforma na capital do rock e do motociclismo com o 3\u00ba Moto Fest"},"content":{"rendered":"\n<p>A cidade de Lumin\u00e1rias, em Minas Gerais, prepara-se para receber a terceira edi\u00e7\u00e3o do Moto Fest, evento que promete movimentar a regi\u00e3o entre os dias 1 e 3 de maio. Organizado pelo Motoclube Tiamat, o festival celebra a cultura das duas rodas com uma programa\u00e7\u00e3o extensa que une shows musicais, confraterniza\u00e7\u00e3o e infraestrutura completa para receber motociclistas de diversos estados.<\/p>\n\n\n\n<figure class=\"wp-block-image size-large\"><img data-recalc-dims=\"1\" fetchpriority=\"high\" decoding=\"async\" width=\"650\" height=\"650\" data-attachment-id=\"323717\" data-permalink=\"https:\/\/www.lavras24horas.com.br\/portal\/img_20260429_1958051125085786083826109-jpg\/\" data-orig-file=\"https:\/\/i0.wp.com\/www.lavras24horas.com.br\/portal\/wp-content\/uploads\/2026\/04\/img_20260429_1958051125085786083826109.jpg?fit=1000%2C1000&amp;ssl=1\" data-orig-size=\"1000,1000\" data-comments-opened=\"0\" data-image-meta=\"{&quot;aperture&quot;:&quot;0&quot;,&quot;credit&quot;:&quot;&quot;,&quot;camera&quot;:&quot;&quot;,&quot;caption&quot;:&quot;&quot;,&quot;created_timestamp&quot;:&quot;0&quot;,&quot;copyright&quot;:&quot;&quot;,&quot;focal_length&quot;:&quot;0&quot;,&quot;iso&quot;:&quot;0&quot;,&quot;shutter_speed&quot;:&quot;0&quot;,&quot;title&quot;:&quot;&quot;,&quot;orientation&quot;:&quot;1&quot;}\" data-image-title=\"img_20260429_1958051125085786083826109.jpg\" data-image-description=\"\" data-image-caption=\"\" data-large-file=\"https:\/\/i0.wp.com\/www.lavras24horas.com.br\/portal\/wp-content\/uploads\/2026\/04\/img_20260429_1958051125085786083826109.jpg?fit=650%2C650&amp;ssl=1\" src=\"https:\/\/i0.wp.com\/www.lavras24horas.com.br\/portal\/wp-content\/uploads\/2026\/04\/img_20260429_1958051125085786083826109.jpg?resize=650%2C650&#038;ssl=1\" alt=\"\" class=\"wp-image-323717\" srcset=\"https:\/\/i0.wp.com\/www.lavras24horas.com.br\/portal\/wp-content\/uploads\/2026\/04\/img_20260429_1958051125085786083826109.jpg?resize=650%2C650&amp;ssl=1 650w, https:\/\/i0.wp.com\/www.lavras24horas.com.br\/portal\/wp-content\/uploads\/2026\/04\/img_20260429_1958051125085786083826109.jpg?resize=768%2C768&amp;ssl=1 768w, https:\/\/i0.wp.com\/www.lavras24horas.com.br\/portal\/wp-content\/uploads\/2026\/04\/img_20260429_1958051125085786083826109.jpg?w=1000&amp;ssl=1 1000w\" sizes=\"(max-width: 650px) 100vw, 650px\" \/><\/figure>\n\n\n\n<p><br><br>A festividade come\u00e7a oficialmente na sexta-feira, dia 1 de maio, a partir das 12h. O primeiro dia de evento contar\u00e1 com apresenta\u00e7\u00f5es de H\u00e9lio Netto, AIL Silva, Danny Boy Bizzy e a Coyote\u2019s Band. No s\u00e1bado, dia 2, a maratona musical continua com seis atra\u00e7\u00f5es: Luiz Paulo, Rockzylla, Conecta 55, Banda Carmelitana, Sete Galo e Bela Mesquita, garantindo uma diversidade de estilos dentro do g\u00eanero rock e entretenimento de alta qualidade para o p\u00fablico presente.<br><br>Para encerrar o encontro, o domingo, dia 3 de maio, reserva o tradicional Caf\u00e9 com Rock a partir das 07h30. Este momento \u00e9 dedicado especialmente \u00e0 recep\u00e7\u00e3o de motoclubes, moto grupos e triciclistas, oferecendo um espa\u00e7o de despedida e integra\u00e7\u00e3o entre os participantes.<br><br>A organiza\u00e7\u00e3o investiu em infraestrutura para garantir o conforto dos visitantes. O evento disponibiliza \u00e1rea de camping coberta e banheiros com chuveiro quente, refor\u00e7ando o compromisso de Lumin\u00e1rias em acolher bem a comunidade motocicl\u00edstica. O 3\u00ba Moto Fest reafirma a voca\u00e7\u00e3o tur\u00edstica da cidade para eventos de grande porte, consolidando o munic\u00edpio no calend\u00e1rio regional de encontros de motos.<\/p>\n","protected":false},"excerpt":{"rendered":"<p>A cidade de Lumin\u00e1rias, em Minas Gerais, prepara-se para receber a terceira edi\u00e7\u00e3o do Moto Fest, evento que promete movimentar a regi\u00e3o entre os dias 1 e 3 de maio. Organizado pelo Motoclube Tiamat, o festival celebra a cultura das duas rodas com uma programa\u00e7\u00e3o extensa que une shows musicais, confraterniza\u00e7\u00e3o e infraestrutura completa para [&hellip;]<\/p>\n","protected":false},"author":20,"featured_media":323716,"comment_status":"closed","ping_status":"closed","sticky":false,"template":"","format":"standard","meta":{"advanced_seo_description":"","jetpack_seo_html_title":"","jetpack_seo_noindex":false,"_jetpack_memberships_contains_paid_content":false,"footnotes":""},"categories":[79],"tags":[],"class_list":["post-323718","post","type-post","status-publish","format-standard","has-post-thumbnail","hentry","category-regiao"],"jetpack_featured_media_url":"https:\/\/i0.wp.com\/www.lavras24horas.com.br\/portal\/wp-content\/uploads\/2026\/04\/IMG_20260429_195805.jpg?fit=1080%2C1080&ssl=1","jetpack_sharing_enabled":true,"jetpack_likes_enabled":true,"_links":{"self":[{"href":"https:\/\/www.lavras24horas.com.br\/portal\/wp-json\/wp\/v2\/posts\/323718","targetHints":{"allow":["GET"]}}],"collection":[{"href":"https:\/\/www.lavras24horas.com.br\/portal\/wp-json\/wp\/v2\/posts"}],"about":[{"href":"https:\/\/www.lavras24horas.com.br\/portal\/wp-json\/wp\/v2\/types\/post"}],"author":[{"embeddable":true,"href":"https:\/\/www.lavras24horas.com.br\/portal\/wp-json\/wp\/v2\/users\/20"}],"replies":[{"embeddable":true,"href":"https:\/\/www.lavras24horas.com.br\/portal\/wp-json\/wp\/v2\/comments?post=323718"}],"version-history":[{"count":1,"href":"https:\/\/www.lavras24horas.com.br\/portal\/wp-json\/wp\/v2\/posts\/323718\/revisions"}],"predecessor-version":[{"id":323719,"href":"https:\/\/www.lavras24horas.com.br\/portal\/wp-json\/wp\/v2\/posts\/323718\/revisions\/323719"}],"wp:featuredmedia":[{"embeddable":true,"href":"https:\/\/www.lavras24horas.com.br\/portal\/wp-json\/wp\/v2\/media\/323716"}],"wp:attachment":[{"href":"https:\/\/www.lavras24horas.com.br\/portal\/wp-json\/wp\/v2\/media?parent=323718"}],"wp:term":[{"taxonomy":"category","embeddable":true,"href":"https:\/\/www.lavras24horas.com.br\/portal\/wp-json\/wp\/v2\/categories?post=323718"},{"taxonomy":"post_tag","embeddable":true,"href":"https:\/\/www.lavras24horas.com.br\/portal\/wp-json\/wp\/v2\/tags?post=323718"}],"curies":[{"name":"wp","href":"https:\/\/api.w.org\/{rel}","templated":true}]}}