{"id":323713,"date":"2026-04-29T19:45:13","date_gmt":"2026-04-29T22:45:13","guid":{"rendered":"https:\/\/www.lavras24horas.com.br\/portal\/?p=323713"},"modified":"2026-04-29T19:45:16","modified_gmt":"2026-04-29T22:45:16","slug":"senado-rejeita-jorge-messias-para-o-stf-em-derrota-historica-para-o-governo","status":"publish","type":"post","link":"https:\/\/www.lavras24horas.com.br\/portal\/senado-rejeita-jorge-messias-para-o-stf-em-derrota-historica-para-o-governo\/","title":{"rendered":"Senado rejeita Jorge Messias para o STF em derrota hist\u00f3rica para o governo"},"content":{"rendered":"\n<p>O plen\u00e1rio do Senado Federal rejeitou, nesta quarta-feira (29), a indica\u00e7\u00e3o do ministro da Advocacia-Geral da Uni\u00e3o (AGU), Jorge Messias, para o Supremo Tribunal Federal (STF). Em uma vota\u00e7\u00e3o tensa e com placar desfavor\u00e1vel ao Pal\u00e1cio do Planalto, Messias recebeu 34 votos favor\u00e1veis e 42 contr\u00e1rios, al\u00e9m de uma absten\u00e7\u00e3o. Para ser aprovado, o indicado precisava de, no m\u00ednimo, 41 votos favor\u00e1veis.<br><br>A decis\u00e3o marca um evento raro na hist\u00f3ria pol\u00edtica brasileira. Esta \u00e9 a primeira vez, sob a vig\u00eancia da Constitui\u00e7\u00e3o de 1988, que um nome indicado pelo Presidente da Rep\u00fablica \u00e9 barrado pelos senadores. O \u00faltimo registro de rejei\u00e7\u00e3o de um indicado ao STF havia ocorrido em 1894, durante o governo de Floriano Peixoto.<br><br>Mais cedo, a Comiss\u00e3o de Constitui\u00e7\u00e3o e Justi\u00e7a (CCJ) havia dado aval ao nome de Messias em uma vota\u00e7\u00e3o apertada: 16 votos a 11. No entanto, a resist\u00eancia no plen\u00e1rio foi liderada por setores da oposi\u00e7\u00e3o e por uma articula\u00e7\u00e3o silenciosa de parlamentares descontentes com a rela\u00e7\u00e3o entre o Executivo e o Legislativo. O presidente do Senado, Davi Alcolumbre, que preferia outros nomes para a vaga de Lu\u00eds Roberto Barroso, acelerou o rito ap\u00f3s meses de espera, mas a base governista n\u00e3o conseguiu garantir o qu\u00f3rum necess\u00e1rio.<br><br>Durante a sabatina, que durou cerca de oito horas, Jorge Messias defendeu a autoconten\u00e7\u00e3o do Judici\u00e1rio e refor\u00e7ou sua identidade religiosa e compromisso com o Estado Laico. Apesar do esfor\u00e7o do Planalto no &#8220;varejo pol\u00edtico&#8221;, a derrota evidencia um isolamento do governo no Senado. Agora, o presidente Lula dever\u00e1 indicar um novo nome para preencher a vaga aberta no Supremo, que ter\u00e1 que passar por todo o processo de an\u00e1lise e vota\u00e7\u00e3o novamente.<\/p>\n","protected":false},"excerpt":{"rendered":"<p>O plen\u00e1rio do Senado Federal rejeitou, nesta quarta-feira (29), a indica\u00e7\u00e3o do ministro da Advocacia-Geral da Uni\u00e3o (AGU), Jorge Messias, para o Supremo Tribunal Federal (STF). Em uma vota\u00e7\u00e3o tensa e com placar desfavor\u00e1vel ao Pal\u00e1cio do Planalto, Messias recebeu 34 votos favor\u00e1veis e 42 contr\u00e1rios, al\u00e9m de uma absten\u00e7\u00e3o. Para ser aprovado, o indicado [&hellip;]<\/p>\n","protected":false},"author":20,"featured_media":323712,"comment_status":"closed","ping_status":"closed","sticky":false,"template":"","format":"standard","meta":{"advanced_seo_description":"","jetpack_seo_html_title":"","jetpack_seo_noindex":false,"_jetpack_memberships_contains_paid_content":false,"footnotes":""},"categories":[31047],"tags":[],"class_list":["post-323713","post","type-post","status-publish","format-standard","has-post-thumbnail","hentry","category-brasil"],"jetpack_featured_media_url":"https:\/\/i0.wp.com\/www.lavras24horas.com.br\/portal\/wp-content\/uploads\/2026\/04\/IMG_20260429_194340.jpg?fit=678%2C452&ssl=1","jetpack_sharing_enabled":true,"jetpack_likes_enabled":true,"_links":{"self":[{"href":"https:\/\/www.lavras24horas.com.br\/portal\/wp-json\/wp\/v2\/posts\/323713","targetHints":{"allow":["GET"]}}],"collection":[{"href":"https:\/\/www.lavras24horas.com.br\/portal\/wp-json\/wp\/v2\/posts"}],"about":[{"href":"https:\/\/www.lavras24horas.com.br\/portal\/wp-json\/wp\/v2\/types\/post"}],"author":[{"embeddable":true,"href":"https:\/\/www.lavras24horas.com.br\/portal\/wp-json\/wp\/v2\/users\/20"}],"replies":[{"embeddable":true,"href":"https:\/\/www.lavras24horas.com.br\/portal\/wp-json\/wp\/v2\/comments?post=323713"}],"version-history":[{"count":1,"href":"https:\/\/www.lavras24horas.com.br\/portal\/wp-json\/wp\/v2\/posts\/323713\/revisions"}],"predecessor-version":[{"id":323714,"href":"https:\/\/www.lavras24horas.com.br\/portal\/wp-json\/wp\/v2\/posts\/323713\/revisions\/323714"}],"wp:featuredmedia":[{"embeddable":true,"href":"https:\/\/www.lavras24horas.com.br\/portal\/wp-json\/wp\/v2\/media\/323712"}],"wp:attachment":[{"href":"https:\/\/www.lavras24horas.com.br\/portal\/wp-json\/wp\/v2\/media?parent=323713"}],"wp:term":[{"taxonomy":"category","embeddable":true,"href":"https:\/\/www.lavras24horas.com.br\/portal\/wp-json\/wp\/v2\/categories?post=323713"},{"taxonomy":"post_tag","embeddable":true,"href":"https:\/\/www.lavras24horas.com.br\/portal\/wp-json\/wp\/v2\/tags?post=323713"}],"curies":[{"name":"wp","href":"https:\/\/api.w.org\/{rel}","templated":true}]}}