{"id":323704,"date":"2026-04-29T18:04:38","date_gmt":"2026-04-29T21:04:38","guid":{"rendered":"https:\/\/www.lavras24horas.com.br\/portal\/?p=323704"},"modified":"2026-04-29T18:04:45","modified_gmt":"2026-04-29T21:04:45","slug":"jorge-messias-avanca-no-ccj-do-senado-e-indicacao-ao-stf-segue-para-o-plenario","status":"publish","type":"post","link":"https:\/\/www.lavras24horas.com.br\/portal\/jorge-messias-avanca-no-ccj-do-senado-e-indicacao-ao-stf-segue-para-o-plenario\/","title":{"rendered":"Jorge Messias avan\u00e7a no CCJ do Senado e indica\u00e7\u00e3o ao STF segue para o Plen\u00e1rio"},"content":{"rendered":"\n<p>A Comiss\u00e3o de Constitui\u00e7\u00e3o e Justi\u00e7a (CCJ) do Senado aprovou, nesta quarta-feira (29), a indica\u00e7\u00e3o de Jorge Messias para ocupar uma vaga no Supremo Tribunal Federal (STF). Atual ministro da Advocacia-Geral da Uni\u00e3o (AGU), Messias foi submetido a uma sabatina de aproximadamente oito horas, onde respondeu a questionamentos sobre temas sens\u00edveis como aborto, equil\u00edbrio entre os Poderes e a laicidade do Estado.<br><br>O placar na comiss\u00e3o foi de 16 votos favor\u00e1veis e 11 contr\u00e1rios. Durante o depoimento, o indicado refor\u00e7ou seu compromisso com a Constitui\u00e7\u00e3o, afirmando que suas convic\u00e7\u00f5es pessoais, incluindo sua f\u00e9 evang\u00e9lica, n\u00e3o interferir\u00e3o em sua atua\u00e7\u00e3o t\u00e9cnica no Judici\u00e1rio. Messias foi indicado pelo presidente Lula para preencher a cadeira deixada pelo ministro aposentado Lu\u00eds Roberto Barroso.<br><br>Com o aval da CCJ, o nome de Jorge Messias segue agora para an\u00e1lise do Plen\u00e1rio do Senado. Para ser confirmado como novo ministro da Suprema Corte, ele precisar\u00e1 do apoio da maioria absoluta da Casa, o que corresponde a, no m\u00ednimo, 41 dos 81 senadores. A vota\u00e7\u00e3o no Plen\u00e1rio \u00e9 o \u00faltimo passo legislativo antes da nomea\u00e7\u00e3o oficial e da posse no tribunal.<br><br>Fontes: Migalhas, UOL Not\u00edcias, JOTA, Ag\u00eancia Brasil.<\/p>\n","protected":false},"excerpt":{"rendered":"<p>A Comiss\u00e3o de Constitui\u00e7\u00e3o e Justi\u00e7a (CCJ) do Senado aprovou, nesta quarta-feira (29), a indica\u00e7\u00e3o de Jorge Messias para ocupar uma vaga no Supremo Tribunal Federal (STF). Atual ministro da Advocacia-Geral da Uni\u00e3o (AGU), Messias foi submetido a uma sabatina de aproximadamente oito horas, onde respondeu a questionamentos sobre temas sens\u00edveis como aborto, equil\u00edbrio entre [&hellip;]<\/p>\n","protected":false},"author":20,"featured_media":323703,"comment_status":"closed","ping_status":"closed","sticky":false,"template":"","format":"standard","meta":{"advanced_seo_description":"","jetpack_seo_html_title":"","jetpack_seo_noindex":false,"_jetpack_memberships_contains_paid_content":false,"footnotes":""},"categories":[31047],"tags":[],"class_list":["post-323704","post","type-post","status-publish","format-standard","has-post-thumbnail","hentry","category-brasil"],"jetpack_featured_media_url":"https:\/\/i0.wp.com\/www.lavras24horas.com.br\/portal\/wp-content\/uploads\/2026\/04\/images-6.jpeg?fit=450%2C450&ssl=1","jetpack_sharing_enabled":true,"jetpack_likes_enabled":true,"jetpack_shortlink":"https:\/\/wp.me\/p12djN-1md2","_links":{"self":[{"href":"https:\/\/www.lavras24horas.com.br\/portal\/wp-json\/wp\/v2\/posts\/323704","targetHints":{"allow":["GET"]}}],"collection":[{"href":"https:\/\/www.lavras24horas.com.br\/portal\/wp-json\/wp\/v2\/posts"}],"about":[{"href":"https:\/\/www.lavras24horas.com.br\/portal\/wp-json\/wp\/v2\/types\/post"}],"author":[{"embeddable":true,"href":"https:\/\/www.lavras24horas.com.br\/portal\/wp-json\/wp\/v2\/users\/20"}],"replies":[{"embeddable":true,"href":"https:\/\/www.lavras24horas.com.br\/portal\/wp-json\/wp\/v2\/comments?post=323704"}],"version-history":[{"count":1,"href":"https:\/\/www.lavras24horas.com.br\/portal\/wp-json\/wp\/v2\/posts\/323704\/revisions"}],"predecessor-version":[{"id":323705,"href":"https:\/\/www.lavras24horas.com.br\/portal\/wp-json\/wp\/v2\/posts\/323704\/revisions\/323705"}],"wp:featuredmedia":[{"embeddable":true,"href":"https:\/\/www.lavras24horas.com.br\/portal\/wp-json\/wp\/v2\/media\/323703"}],"wp:attachment":[{"href":"https:\/\/www.lavras24horas.com.br\/portal\/wp-json\/wp\/v2\/media?parent=323704"}],"wp:term":[{"taxonomy":"category","embeddable":true,"href":"https:\/\/www.lavras24horas.com.br\/portal\/wp-json\/wp\/v2\/categories?post=323704"},{"taxonomy":"post_tag","embeddable":true,"href":"https:\/\/www.lavras24horas.com.br\/portal\/wp-json\/wp\/v2\/tags?post=323704"}],"curies":[{"name":"wp","href":"https:\/\/api.w.org\/{rel}","templated":true}]}}