{"id":323685,"date":"2026-04-29T15:23:50","date_gmt":"2026-04-29T18:23:50","guid":{"rendered":"https:\/\/www.lavras24horas.com.br\/portal\/?p=323685"},"modified":"2026-04-29T15:23:53","modified_gmt":"2026-04-29T18:23:53","slug":"policia-civil-e-militar-apreendem-armas-e-municoes-com-adolescente-em-escola-de-santo-antonio-do-amparo","status":"publish","type":"post","link":"https:\/\/www.lavras24horas.com.br\/portal\/policia-civil-e-militar-apreendem-armas-e-municoes-com-adolescente-em-escola-de-santo-antonio-do-amparo\/","title":{"rendered":"Pol\u00edcia Civil e Militar apreendem armas e muni\u00e7\u00f5es com adolescente em escola de Santo Ant\u00f4nio do Amparo"},"content":{"rendered":"\n<p>Uma opera\u00e7\u00e3o conjunta entre as pol\u00edcias Civil e Militar resultou na apreens\u00e3o de uma adolescente de 14 anos e na pris\u00e3o de seu pai, de 37 anos, nesta quarta-feira (29\/04), em Santo Ant\u00f4nio do Amparo. A a\u00e7\u00e3o ocorreu ap\u00f3s a dire\u00e7\u00e3o de uma escola acionar as autoridades ao suspeitar que a aluna portava objetos perigosos no ambiente escolar.<\/p>\n\n\n\n<figure class=\"wp-block-image size-large\"><img data-recalc-dims=\"1\" fetchpriority=\"high\" decoding=\"async\" width=\"800\" height=\"628\" data-attachment-id=\"323684\" data-permalink=\"https:\/\/www.lavras24horas.com.br\/portal\/img-20260429-wa00242116044285746227701-jpg\/\" data-orig-file=\"https:\/\/i0.wp.com\/www.lavras24horas.com.br\/portal\/wp-content\/uploads\/2026\/04\/img-20260429-wa00242116044285746227701.jpg?fit=1000%2C785&amp;ssl=1\" data-orig-size=\"1000,785\" data-comments-opened=\"0\" data-image-meta=\"{&quot;aperture&quot;:&quot;0&quot;,&quot;credit&quot;:&quot;&quot;,&quot;camera&quot;:&quot;&quot;,&quot;caption&quot;:&quot;&quot;,&quot;created_timestamp&quot;:&quot;0&quot;,&quot;copyright&quot;:&quot;&quot;,&quot;focal_length&quot;:&quot;0&quot;,&quot;iso&quot;:&quot;0&quot;,&quot;shutter_speed&quot;:&quot;0&quot;,&quot;title&quot;:&quot;&quot;,&quot;orientation&quot;:&quot;1&quot;}\" data-image-title=\"img-20260429-wa00242116044285746227701.jpg\" data-image-description=\"\" data-image-caption=\"\" data-large-file=\"https:\/\/i0.wp.com\/www.lavras24horas.com.br\/portal\/wp-content\/uploads\/2026\/04\/img-20260429-wa00242116044285746227701.jpg?fit=800%2C628&amp;ssl=1\" src=\"https:\/\/i0.wp.com\/www.lavras24horas.com.br\/portal\/wp-content\/uploads\/2026\/04\/img-20260429-wa00242116044285746227701.jpg?resize=800%2C628&#038;ssl=1\" alt=\"\" class=\"wp-image-323684\" srcset=\"https:\/\/i0.wp.com\/www.lavras24horas.com.br\/portal\/wp-content\/uploads\/2026\/04\/img-20260429-wa00242116044285746227701.jpg?resize=828%2C650&amp;ssl=1 828w, https:\/\/i0.wp.com\/www.lavras24horas.com.br\/portal\/wp-content\/uploads\/2026\/04\/img-20260429-wa00242116044285746227701.jpg?resize=768%2C603&amp;ssl=1 768w, https:\/\/i0.wp.com\/www.lavras24horas.com.br\/portal\/wp-content\/uploads\/2026\/04\/img-20260429-wa00242116044285746227701.jpg?w=1000&amp;ssl=1 1000w\" sizes=\"(max-width: 800px) 100vw, 800px\" \/><\/figure>\n\n\n\n<p><br><br>Durante a abordagem na institui\u00e7\u00e3o, os policiais revistaram a mochila da estudante e encontraram um punhal de 20 cm, dois canivetes e muni\u00e7\u00f5es de calibre .32. Questionada, a jovem afirmou que levava os itens para se defender de supostas amea\u00e7as de outros alunos e revelou que as muni\u00e7\u00f5es pertenciam ao seu pai.<br><br>Dando continuidade \u00e0 ocorr\u00eancia, as equipes seguiram at\u00e9 a resid\u00eancia da fam\u00edlia. Com a autoriza\u00e7\u00e3o do respons\u00e1vel, foram realizadas buscas no im\u00f3vel, onde os agentes localizaram duas armas de fogo artesanais \u2014 uma garrucha calibre .32 e uma espingarda calibre .36 \u2014 ambas em prec\u00e1rio estado de conserva\u00e7\u00e3o, al\u00e9m de 40 muni\u00e7\u00f5es intactas de calibre .22.<br><br>O homem assumiu a propriedade de todo o material e foi preso em flagrante por posse ilegal de arma de fogo. A adolescente foi apreendida por ato infracional an\u00e1logo aos delitos correspondentes. O Conselho Tutelar foi acionado para acompanhar o caso e garantir os direitos da menor.<br><br>Todos os envolvidos e os materiais apreendidos foram encaminhados \u00e0 Delegacia de Pol\u00edcia Civil para as provid\u00eancias judici\u00e1rias. A Pol\u00edcia Civil reiterou a import\u00e2ncia da colabora\u00e7\u00e3o entre escolas e for\u00e7as de seguran\u00e7a para manter a integridade da comunidade escolar e solicitou que qualquer situa\u00e7\u00e3o suspeita seja reportada imediatamente.<\/p>\n","protected":false},"excerpt":{"rendered":"<p>Uma opera\u00e7\u00e3o conjunta entre as pol\u00edcias Civil e Militar resultou na apreens\u00e3o de uma adolescente de 14 anos e na pris\u00e3o de seu pai, de 37 anos, nesta quarta-feira (29\/04), em Santo Ant\u00f4nio do Amparo. A a\u00e7\u00e3o ocorreu ap\u00f3s a dire\u00e7\u00e3o de uma escola acionar as autoridades ao suspeitar que a aluna portava objetos perigosos [&hellip;]<\/p>\n","protected":false},"author":20,"featured_media":323683,"comment_status":"closed","ping_status":"closed","sticky":false,"template":"","format":"standard","meta":{"advanced_seo_description":"","jetpack_seo_html_title":"","jetpack_seo_noindex":false,"_jetpack_memberships_contains_paid_content":false,"footnotes":""},"categories":[79],"tags":[],"class_list":["post-323685","post","type-post","status-publish","format-standard","has-post-thumbnail","hentry","category-regiao"],"jetpack_featured_media_url":"https:\/\/i0.wp.com\/www.lavras24horas.com.br\/portal\/wp-content\/uploads\/2026\/04\/IMG-20260429-WA0024.jpg?fit=1600%2C1256&ssl=1","jetpack_sharing_enabled":true,"jetpack_likes_enabled":true,"_links":{"self":[{"href":"https:\/\/www.lavras24horas.com.br\/portal\/wp-json\/wp\/v2\/posts\/323685","targetHints":{"allow":["GET"]}}],"collection":[{"href":"https:\/\/www.lavras24horas.com.br\/portal\/wp-json\/wp\/v2\/posts"}],"about":[{"href":"https:\/\/www.lavras24horas.com.br\/portal\/wp-json\/wp\/v2\/types\/post"}],"author":[{"embeddable":true,"href":"https:\/\/www.lavras24horas.com.br\/portal\/wp-json\/wp\/v2\/users\/20"}],"replies":[{"embeddable":true,"href":"https:\/\/www.lavras24horas.com.br\/portal\/wp-json\/wp\/v2\/comments?post=323685"}],"version-history":[{"count":1,"href":"https:\/\/www.lavras24horas.com.br\/portal\/wp-json\/wp\/v2\/posts\/323685\/revisions"}],"predecessor-version":[{"id":323686,"href":"https:\/\/www.lavras24horas.com.br\/portal\/wp-json\/wp\/v2\/posts\/323685\/revisions\/323686"}],"wp:featuredmedia":[{"embeddable":true,"href":"https:\/\/www.lavras24horas.com.br\/portal\/wp-json\/wp\/v2\/media\/323683"}],"wp:attachment":[{"href":"https:\/\/www.lavras24horas.com.br\/portal\/wp-json\/wp\/v2\/media?parent=323685"}],"wp:term":[{"taxonomy":"category","embeddable":true,"href":"https:\/\/www.lavras24horas.com.br\/portal\/wp-json\/wp\/v2\/categories?post=323685"},{"taxonomy":"post_tag","embeddable":true,"href":"https:\/\/www.lavras24horas.com.br\/portal\/wp-json\/wp\/v2\/tags?post=323685"}],"curies":[{"name":"wp","href":"https:\/\/api.w.org\/{rel}","templated":true}]}}