{"id":323681,"date":"2026-04-29T12:22:55","date_gmt":"2026-04-29T15:22:55","guid":{"rendered":"https:\/\/www.lavras24horas.com.br\/portal\/?p=323681"},"modified":"2026-04-29T12:22:58","modified_gmt":"2026-04-29T15:22:58","slug":"flagrante-no-sul-de-minas-medico-de-62-anos-e-preso-por-exibir-pornografia-infantil-em-casa","status":"publish","type":"post","link":"https:\/\/www.lavras24horas.com.br\/portal\/flagrante-no-sul-de-minas-medico-de-62-anos-e-preso-por-exibir-pornografia-infantil-em-casa\/","title":{"rendered":"Flagrante no sul de minas: m\u00e9dico de 62 anos \u00e9 preso por exibir pornografia infantil em casa"},"content":{"rendered":"\n<p>Um m\u00e9dico de 62 anos foi preso em flagrante pela Pol\u00edcia Civil em S\u00e3o Sebasti\u00e3o do Para\u00edso, no Sul de Minas, ap\u00f3s ser denunciado por exibir pornografia infantil na televis\u00e3o de sua resid\u00eancia. A pris\u00e3o ocorreu na tarde da \u00faltima segunda-feira, dia 27 de abril, depois que um vizinho flagrou as imagens de abuso sexual infantojuvenil atrav\u00e9s da janela do apartamento do investigado.<br><br>Segundo a Pol\u00edcia Civil, a testemunha relatou que era poss\u00edvel ver claramente o conte\u00fado il\u00edcito devido \u00e0 proximidade entre os pr\u00e9dios. O denunciante afirmou ter visto v\u00eddeos de adolescentes e at\u00e9 cenas envolvendo beb\u00eas. Diante do flagrante, o vizinho gravou as imagens exibidas no monitor para servir como prova e acionou as autoridades imediatamente.<br><br>Ao notar que estava sendo observado, o m\u00e9dico chegou a pendurar um len\u00e7ol na janela para bloquear a vis\u00e3o externa, mas a manobra n\u00e3o impediu a a\u00e7\u00e3o policial. Durante a abordagem no im\u00f3vel, os investigadores confirmaram a presen\u00e7a do material e conduziram o homem para a Delegacia Regional. O caso segue sob investiga\u00e7\u00e3o para identificar a origem dos arquivos e verificar se o profissional utilizava redes de compartilhamento de conte\u00fado criminoso.<br><br>*Imagem Ilustrativa*<\/p>\n","protected":false},"excerpt":{"rendered":"<p>Um m\u00e9dico de 62 anos foi preso em flagrante pela Pol\u00edcia Civil em S\u00e3o Sebasti\u00e3o do Para\u00edso, no Sul de Minas, ap\u00f3s ser denunciado por exibir pornografia infantil na televis\u00e3o de sua resid\u00eancia. A pris\u00e3o ocorreu na tarde da \u00faltima segunda-feira, dia 27 de abril, depois que um vizinho flagrou as imagens de abuso sexual [&hellip;]<\/p>\n","protected":false},"author":20,"featured_media":323680,"comment_status":"closed","ping_status":"closed","sticky":false,"template":"","format":"standard","meta":{"advanced_seo_description":"","jetpack_seo_html_title":"","jetpack_seo_noindex":false,"_jetpack_memberships_contains_paid_content":false,"footnotes":""},"categories":[79],"tags":[],"class_list":["post-323681","post","type-post","status-publish","format-standard","has-post-thumbnail","hentry","category-regiao"],"jetpack_featured_media_url":"https:\/\/i0.wp.com\/www.lavras24horas.com.br\/portal\/wp-content\/uploads\/2026\/04\/Operacao-Policia-Civil-Foto-PCMG-2.jpg?fit=600%2C450&ssl=1","jetpack_sharing_enabled":true,"jetpack_likes_enabled":true,"_links":{"self":[{"href":"https:\/\/www.lavras24horas.com.br\/portal\/wp-json\/wp\/v2\/posts\/323681","targetHints":{"allow":["GET"]}}],"collection":[{"href":"https:\/\/www.lavras24horas.com.br\/portal\/wp-json\/wp\/v2\/posts"}],"about":[{"href":"https:\/\/www.lavras24horas.com.br\/portal\/wp-json\/wp\/v2\/types\/post"}],"author":[{"embeddable":true,"href":"https:\/\/www.lavras24horas.com.br\/portal\/wp-json\/wp\/v2\/users\/20"}],"replies":[{"embeddable":true,"href":"https:\/\/www.lavras24horas.com.br\/portal\/wp-json\/wp\/v2\/comments?post=323681"}],"version-history":[{"count":1,"href":"https:\/\/www.lavras24horas.com.br\/portal\/wp-json\/wp\/v2\/posts\/323681\/revisions"}],"predecessor-version":[{"id":323682,"href":"https:\/\/www.lavras24horas.com.br\/portal\/wp-json\/wp\/v2\/posts\/323681\/revisions\/323682"}],"wp:featuredmedia":[{"embeddable":true,"href":"https:\/\/www.lavras24horas.com.br\/portal\/wp-json\/wp\/v2\/media\/323680"}],"wp:attachment":[{"href":"https:\/\/www.lavras24horas.com.br\/portal\/wp-json\/wp\/v2\/media?parent=323681"}],"wp:term":[{"taxonomy":"category","embeddable":true,"href":"https:\/\/www.lavras24horas.com.br\/portal\/wp-json\/wp\/v2\/categories?post=323681"},{"taxonomy":"post_tag","embeddable":true,"href":"https:\/\/www.lavras24horas.com.br\/portal\/wp-json\/wp\/v2\/tags?post=323681"}],"curies":[{"name":"wp","href":"https:\/\/api.w.org\/{rel}","templated":true}]}}