{"id":323678,"date":"2026-04-29T09:57:14","date_gmt":"2026-04-29T12:57:14","guid":{"rendered":"https:\/\/www.lavras24horas.com.br\/portal\/?p=323678"},"modified":"2026-04-29T09:57:17","modified_gmt":"2026-04-29T12:57:17","slug":"stf-torna-gustavo-gayer-reu-por-ofensas-a-lula-sob-criticas-a-imunidade-parlamentar","status":"publish","type":"post","link":"https:\/\/www.lavras24horas.com.br\/portal\/stf-torna-gustavo-gayer-reu-por-ofensas-a-lula-sob-criticas-a-imunidade-parlamentar\/","title":{"rendered":"STF torna Gustavo Gayer r\u00e9u por ofensas a Lula sob cr\u00edticas \u00e0 imunidade parlamentar"},"content":{"rendered":"\n<p>A Primeira Turma do Supremo Tribunal Federal (STF) decidiu, por unanimidade, tornar r\u00e9u o deputado federal Gustavo Gayer (PL-GO) por crime de inj\u00faria contra o presidente Luiz In\u00e1cio Lula da Silva. A decis\u00e3o, tomada nesta ter\u00e7a-feira (28), baseia-se em uma publica\u00e7\u00e3o de 2024 na rede social X, onde o parlamentar compartilhou uma montagem que associava o presidente ao nazismo e ao grupo Hamas.<br><br>O relator do caso, ministro Fl\u00e1vio Dino, argumentou que a conduta extrapolou o debate pol\u00edtico e atingiu a honra pessoal do chefe do Executivo, n\u00e3o estando protegida pelo direito de express\u00e3o quando h\u00e1 manipula\u00e7\u00e3o de imagem para fins ofensivos. Os ministros Alexandre de Moraes, Cristiano Zanin e C\u00e1rmen L\u00facia acompanharam o entendimento, consolidando a abertura da a\u00e7\u00e3o penal.<br><br>Por outro lado, a decis\u00e3o reacende debates jur\u00eddicos sobre o Artigo 53 da Constitui\u00e7\u00e3o Federal, que estabelece que deputados e senadores s\u00e3o &#8220;inviol\u00e1veis, civil e penalmente, por quaisquer de suas opini\u00f5es, palavras e votos&#8221;. Cr\u00edticos e a pr\u00f3pria defesa do parlamentar sustentam que o julgamento ignora a prerrogativa constitucional da imunidade parlamentar material, que deveria garantir a liberdade total de express\u00e3o para membros do Congresso em atividade, independentemente do teor das cr\u00edticas realizadas.<br><br>Com a aceita\u00e7\u00e3o da den\u00fancia, o processo avan\u00e7a para a fase de instru\u00e7\u00e3o, onde ser\u00e3o colhidos depoimentos e provas. O desfecho do caso ser\u00e1 um marco importante para definir os limites entre o que a Corte considera &#8220;abuso do direito&#8221; e a prote\u00e7\u00e3o constitucional garantida aos representantes eleitos pelo povo.<br><br>Fontes: Ag\u00eancia Brasil, G1, Migalhas e Portal STF.<\/p>\n","protected":false},"excerpt":{"rendered":"<p>A Primeira Turma do Supremo Tribunal Federal (STF) decidiu, por unanimidade, tornar r\u00e9u o deputado federal Gustavo Gayer (PL-GO) por crime de inj\u00faria contra o presidente Luiz In\u00e1cio Lula da Silva. A decis\u00e3o, tomada nesta ter\u00e7a-feira (28), baseia-se em uma publica\u00e7\u00e3o de 2024 na rede social X, onde o parlamentar compartilhou uma montagem que associava [&hellip;]<\/p>\n","protected":false},"author":20,"featured_media":323677,"comment_status":"closed","ping_status":"closed","sticky":false,"template":"","format":"standard","meta":{"advanced_seo_description":"","jetpack_seo_html_title":"","jetpack_seo_noindex":false,"_jetpack_memberships_contains_paid_content":false,"footnotes":""},"categories":[31047],"tags":[],"class_list":["post-323678","post","type-post","status-publish","format-standard","has-post-thumbnail","hentry","category-brasil"],"jetpack_featured_media_url":"https:\/\/i0.wp.com\/www.lavras24horas.com.br\/portal\/wp-content\/uploads\/2026\/04\/InShot_20260429_095529721.jpg?fit=1920%2C1920&ssl=1","jetpack_sharing_enabled":true,"jetpack_likes_enabled":true,"jetpack_shortlink":"https:\/\/wp.me\/p12djN-1mcC","_links":{"self":[{"href":"https:\/\/www.lavras24horas.com.br\/portal\/wp-json\/wp\/v2\/posts\/323678","targetHints":{"allow":["GET"]}}],"collection":[{"href":"https:\/\/www.lavras24horas.com.br\/portal\/wp-json\/wp\/v2\/posts"}],"about":[{"href":"https:\/\/www.lavras24horas.com.br\/portal\/wp-json\/wp\/v2\/types\/post"}],"author":[{"embeddable":true,"href":"https:\/\/www.lavras24horas.com.br\/portal\/wp-json\/wp\/v2\/users\/20"}],"replies":[{"embeddable":true,"href":"https:\/\/www.lavras24horas.com.br\/portal\/wp-json\/wp\/v2\/comments?post=323678"}],"version-history":[{"count":1,"href":"https:\/\/www.lavras24horas.com.br\/portal\/wp-json\/wp\/v2\/posts\/323678\/revisions"}],"predecessor-version":[{"id":323679,"href":"https:\/\/www.lavras24horas.com.br\/portal\/wp-json\/wp\/v2\/posts\/323678\/revisions\/323679"}],"wp:featuredmedia":[{"embeddable":true,"href":"https:\/\/www.lavras24horas.com.br\/portal\/wp-json\/wp\/v2\/media\/323677"}],"wp:attachment":[{"href":"https:\/\/www.lavras24horas.com.br\/portal\/wp-json\/wp\/v2\/media?parent=323678"}],"wp:term":[{"taxonomy":"category","embeddable":true,"href":"https:\/\/www.lavras24horas.com.br\/portal\/wp-json\/wp\/v2\/categories?post=323678"},{"taxonomy":"post_tag","embeddable":true,"href":"https:\/\/www.lavras24horas.com.br\/portal\/wp-json\/wp\/v2\/tags?post=323678"}],"curies":[{"name":"wp","href":"https:\/\/api.w.org\/{rel}","templated":true}]}}