{"id":323675,"date":"2026-04-28T21:19:03","date_gmt":"2026-04-29T00:19:03","guid":{"rendered":"https:\/\/www.lavras24horas.com.br\/portal\/?p=323675"},"modified":"2026-04-28T21:19:10","modified_gmt":"2026-04-29T00:19:10","slug":"dupla-e-presa-pela-prf-na-br-381-apos-roubo-em-carmopolis-de-minas","status":"publish","type":"post","link":"https:\/\/www.lavras24horas.com.br\/portal\/dupla-e-presa-pela-prf-na-br-381-apos-roubo-em-carmopolis-de-minas\/","title":{"rendered":"Dupla \u00e9 presa pela PRF na BR-381 ap\u00f3s roubo em Carm\u00f3polis de Minas"},"content":{"rendered":"\n<p>Dois homens, de 28 e 30 anos, foram presos pela Pol\u00edcia Rodovi\u00e1ria Federal (PRF) na tarde desta ter\u00e7a-feira (28), ap\u00f3s roubarem um celular em Carm\u00f3polis de Minas. A pris\u00e3o ocorreu no quil\u00f4metro 530 da rodovia Fern\u00e3o Dias (BR-381), na altura do munic\u00edpio de Itatiaiu\u00e7u, ap\u00f3s um acompanhamento t\u00e1tico em alta velocidade.<\/p>\n\n\n\n<figure class=\"wp-block-gallery has-nested-images columns-default is-cropped wp-block-gallery-1 is-layout-flex wp-block-gallery-is-layout-flex\">\n<figure class=\"wp-block-image\"><img data-recalc-dims=\"1\" fetchpriority=\"high\" decoding=\"async\" width=\"520\" height=\"650\" data-attachment-id=\"323672\" data-permalink=\"https:\/\/www.lavras24horas.com.br\/portal\/marca-dagua_20260428_211557_00002699455080973852869-jpg\/\" data-orig-file=\"https:\/\/i0.wp.com\/www.lavras24horas.com.br\/portal\/wp-content\/uploads\/2026\/04\/marca-dagua_20260428_211557_00002699455080973852869.jpg?fit=800%2C1000&amp;ssl=1\" data-orig-size=\"800,1000\" data-comments-opened=\"0\" data-image-meta=\"{&quot;aperture&quot;:&quot;0&quot;,&quot;credit&quot;:&quot;&quot;,&quot;camera&quot;:&quot;&quot;,&quot;caption&quot;:&quot;&quot;,&quot;created_timestamp&quot;:&quot;0&quot;,&quot;copyright&quot;:&quot;&quot;,&quot;focal_length&quot;:&quot;0&quot;,&quot;iso&quot;:&quot;0&quot;,&quot;shutter_speed&quot;:&quot;0&quot;,&quot;title&quot;:&quot;&quot;,&quot;orientation&quot;:&quot;1&quot;}\" data-image-title=\"marca-dagua_20260428_211557_00002699455080973852869.jpg\" data-image-description=\"\" data-image-caption=\"\" data-large-file=\"https:\/\/i0.wp.com\/www.lavras24horas.com.br\/portal\/wp-content\/uploads\/2026\/04\/marca-dagua_20260428_211557_00002699455080973852869.jpg?fit=520%2C650&amp;ssl=1\" data-id=\"323672\" src=\"https:\/\/i0.wp.com\/www.lavras24horas.com.br\/portal\/wp-content\/uploads\/2026\/04\/marca-dagua_20260428_211557_00002699455080973852869.jpg?resize=520%2C650&#038;ssl=1\" alt=\"\" class=\"wp-image-323672\" srcset=\"https:\/\/i0.wp.com\/www.lavras24horas.com.br\/portal\/wp-content\/uploads\/2026\/04\/marca-dagua_20260428_211557_00002699455080973852869.jpg?resize=520%2C650&amp;ssl=1 520w, https:\/\/i0.wp.com\/www.lavras24horas.com.br\/portal\/wp-content\/uploads\/2026\/04\/marca-dagua_20260428_211557_00002699455080973852869.jpg?resize=768%2C960&amp;ssl=1 768w, https:\/\/i0.wp.com\/www.lavras24horas.com.br\/portal\/wp-content\/uploads\/2026\/04\/marca-dagua_20260428_211557_00002699455080973852869.jpg?w=800&amp;ssl=1 800w\" sizes=\"(max-width: 520px) 100vw, 520px\" \/><\/figure>\n<\/figure>\n\n\n\n<p><br><br>Segundo informa\u00e7\u00f5es da PRF, os criminosos abordaram a v\u00edtima em uma via p\u00fablica de Carm\u00f3polis de Minas, simulando estarem armados para subtrair o aparelho. Ap\u00f3s o crime, a dupla fugiu em um ve\u00edculo VW Gol de cor branca, seguindo em dire\u00e7\u00e3o \u00e0 capital mineira.<br><\/p>\n\n\n\n<figure class=\"wp-block-video\"><video height=\"1350\" style=\"aspect-ratio: 1080 \/ 1350;\" width=\"1080\" controls src=\"https:\/\/www.lavras24horas.com.br\/portal\/wp-content\/uploads\/2026\/04\/Lavras-e-Regiao-_20260428_211459_0000.mp4\"><\/video><\/figure>\n\n\n\n<p><br>Ao receber o alerta, equipes da PRF iniciaram o rastreamento pela rodovia e localizaram o ve\u00edculo suspeito. Durante a abordagem, os policiais encontraram no interior do carro o celular roubado, al\u00e9m de outro aparelho, um cart\u00e3o banc\u00e1rio, uma faca e uma toca ninja.<\/p>\n\n\n\n<figure class=\"wp-block-video\"><video height=\"1350\" style=\"aspect-ratio: 1080 \/ 1350;\" width=\"1080\" controls src=\"https:\/\/www.lavras24horas.com.br\/portal\/wp-content\/uploads\/2026\/04\/MARCA-DAGUA_20260428_211623_0000.mp4\"><\/video><\/figure>\n\n\n\n<p><br><br>Os suspeitos receberam voz de pris\u00e3o em flagrante e foram encaminhados, junto com o ve\u00edculo e o material apreendido, para a Delegacia de Pol\u00edcia Civil de Carm\u00f3polis de Minas, onde ser\u00e3o realizados os procedimentos legais cab\u00edveis.<br><br>Fonte: Pol\u00edcia Rodovi\u00e1ria Federal (PRF) \/ @marcelopraxedespraxedes <\/p>\n","protected":false},"excerpt":{"rendered":"<p>Dois homens, de 28 e 30 anos, foram presos pela Pol\u00edcia Rodovi\u00e1ria Federal (PRF) na tarde desta ter\u00e7a-feira (28), ap\u00f3s roubarem um celular em Carm\u00f3polis de Minas. A pris\u00e3o ocorreu no quil\u00f4metro 530 da rodovia Fern\u00e3o Dias (BR-381), na altura do munic\u00edpio de Itatiaiu\u00e7u, ap\u00f3s um acompanhamento t\u00e1tico em alta velocidade. Segundo informa\u00e7\u00f5es da PRF, [&hellip;]<\/p>\n","protected":false},"author":20,"featured_media":323671,"comment_status":"closed","ping_status":"closed","sticky":false,"template":"","format":"standard","meta":{"advanced_seo_description":"","jetpack_seo_html_title":"","jetpack_seo_noindex":false,"_jetpack_memberships_contains_paid_content":false,"footnotes":""},"categories":[79],"tags":[],"class_list":["post-323675","post","type-post","status-publish","format-standard","has-post-thumbnail","hentry","category-regiao"],"jetpack_featured_media_url":"https:\/\/i0.wp.com\/www.lavras24horas.com.br\/portal\/wp-content\/uploads\/2026\/04\/MARCA-DAGUA_20260428_211557_0000.png?fit=1080%2C1350&ssl=1","jetpack_sharing_enabled":true,"jetpack_likes_enabled":true,"_links":{"self":[{"href":"https:\/\/www.lavras24horas.com.br\/portal\/wp-json\/wp\/v2\/posts\/323675","targetHints":{"allow":["GET"]}}],"collection":[{"href":"https:\/\/www.lavras24horas.com.br\/portal\/wp-json\/wp\/v2\/posts"}],"about":[{"href":"https:\/\/www.lavras24horas.com.br\/portal\/wp-json\/wp\/v2\/types\/post"}],"author":[{"embeddable":true,"href":"https:\/\/www.lavras24horas.com.br\/portal\/wp-json\/wp\/v2\/users\/20"}],"replies":[{"embeddable":true,"href":"https:\/\/www.lavras24horas.com.br\/portal\/wp-json\/wp\/v2\/comments?post=323675"}],"version-history":[{"count":1,"href":"https:\/\/www.lavras24horas.com.br\/portal\/wp-json\/wp\/v2\/posts\/323675\/revisions"}],"predecessor-version":[{"id":323676,"href":"https:\/\/www.lavras24horas.com.br\/portal\/wp-json\/wp\/v2\/posts\/323675\/revisions\/323676"}],"wp:featuredmedia":[{"embeddable":true,"href":"https:\/\/www.lavras24horas.com.br\/portal\/wp-json\/wp\/v2\/media\/323671"}],"wp:attachment":[{"href":"https:\/\/www.lavras24horas.com.br\/portal\/wp-json\/wp\/v2\/media?parent=323675"}],"wp:term":[{"taxonomy":"category","embeddable":true,"href":"https:\/\/www.lavras24horas.com.br\/portal\/wp-json\/wp\/v2\/categories?post=323675"},{"taxonomy":"post_tag","embeddable":true,"href":"https:\/\/www.lavras24horas.com.br\/portal\/wp-json\/wp\/v2\/tags?post=323675"}],"curies":[{"name":"wp","href":"https:\/\/api.w.org\/{rel}","templated":true}]}}