{"id":323669,"date":"2026-04-28T21:12:39","date_gmt":"2026-04-29T00:12:39","guid":{"rendered":"https:\/\/www.lavras24horas.com.br\/portal\/?p=323669"},"modified":"2026-04-28T21:12:39","modified_gmt":"2026-04-29T00:12:39","slug":"copasa-realiza-manutencao-emergencial-e-interrompe-abastecimento-de-agua-em-dois-bairros-de-lavras","status":"publish","type":"post","link":"https:\/\/www.lavras24horas.com.br\/portal\/copasa-realiza-manutencao-emergencial-e-interrompe-abastecimento-de-agua-em-dois-bairros-de-lavras\/","title":{"rendered":"Copasa realiza manuten\u00e7\u00e3o emergencial e interrompe abastecimento de \u00e1gua em dois bairros de Lavras"},"content":{"rendered":"\n<p>A Companhia de Saneamento de Minas Gerais (Copasa) informou que, devido a uma manuten\u00e7\u00e3o emergencial, o abastecimento de \u00e1gua nos bairros <strong>Morada do Sol<\/strong> e <strong>Parque Imperial<\/strong> poder\u00e1 apresentar intermit\u00eancia nesta segunda-feira (27\/04).<\/p>\n\n\n\n<p>A normaliza\u00e7\u00e3o do servi\u00e7o deve ocorrer de forma gradativa ao longo da manh\u00e3 desta ter\u00e7a-feira (28\/04).<\/p>\n\n\n\n<p>A Copasa recomenda que os moradores utilizem a \u00e1gua das caixas d\u2019\u00e1gua, caso possuam, para evitar transtornos durante o per\u00edodo de intermit\u00eancia.<\/p>\n","protected":false},"excerpt":{"rendered":"<p>A Companhia de Saneamento de Minas Gerais (Copasa) informou que, devido a uma manuten\u00e7\u00e3o emergencial, o abastecimento de \u00e1gua nos bairros Morada do Sol e Parque Imperial poder\u00e1 apresentar intermit\u00eancia nesta segunda-feira (27\/04). A normaliza\u00e7\u00e3o do servi\u00e7o deve ocorrer de forma gradativa ao longo da manh\u00e3 desta ter\u00e7a-feira (28\/04). A Copasa recomenda que os moradores [&hellip;]<\/p>\n","protected":false},"author":7,"featured_media":323316,"comment_status":"closed","ping_status":"closed","sticky":false,"template":"","format":"standard","meta":{"advanced_seo_description":"","jetpack_seo_html_title":"","jetpack_seo_noindex":false,"_jetpack_memberships_contains_paid_content":false,"footnotes":""},"categories":[4],"tags":[5216,1667,1284,31388,3580,31608,7668,31609,11462,2296],"class_list":["post-323669","post","type-post","status-publish","format-standard","has-post-thumbnail","hentry","category-lavras","tag-abastecimento","tag-agua","tag-copasa","tag-intermitencia","tag-manutencao","tag-morada-do-sol","tag-normalizacao","tag-parque-imperial","tag-recomendacao","tag-servico"],"jetpack_featured_media_url":"https:\/\/i0.wp.com\/www.lavras24horas.com.br\/portal\/wp-content\/uploads\/2026\/04\/falta-de-agua.webp?fit=612%2C408&ssl=1","jetpack_sharing_enabled":true,"jetpack_likes_enabled":true,"_links":{"self":[{"href":"https:\/\/www.lavras24horas.com.br\/portal\/wp-json\/wp\/v2\/posts\/323669","targetHints":{"allow":["GET"]}}],"collection":[{"href":"https:\/\/www.lavras24horas.com.br\/portal\/wp-json\/wp\/v2\/posts"}],"about":[{"href":"https:\/\/www.lavras24horas.com.br\/portal\/wp-json\/wp\/v2\/types\/post"}],"author":[{"embeddable":true,"href":"https:\/\/www.lavras24horas.com.br\/portal\/wp-json\/wp\/v2\/users\/7"}],"replies":[{"embeddable":true,"href":"https:\/\/www.lavras24horas.com.br\/portal\/wp-json\/wp\/v2\/comments?post=323669"}],"version-history":[{"count":1,"href":"https:\/\/www.lavras24horas.com.br\/portal\/wp-json\/wp\/v2\/posts\/323669\/revisions"}],"predecessor-version":[{"id":323670,"href":"https:\/\/www.lavras24horas.com.br\/portal\/wp-json\/wp\/v2\/posts\/323669\/revisions\/323670"}],"wp:featuredmedia":[{"embeddable":true,"href":"https:\/\/www.lavras24horas.com.br\/portal\/wp-json\/wp\/v2\/media\/323316"}],"wp:attachment":[{"href":"https:\/\/www.lavras24horas.com.br\/portal\/wp-json\/wp\/v2\/media?parent=323669"}],"wp:term":[{"taxonomy":"category","embeddable":true,"href":"https:\/\/www.lavras24horas.com.br\/portal\/wp-json\/wp\/v2\/categories?post=323669"},{"taxonomy":"post_tag","embeddable":true,"href":"https:\/\/www.lavras24horas.com.br\/portal\/wp-json\/wp\/v2\/tags?post=323669"}],"curies":[{"name":"wp","href":"https:\/\/api.w.org\/{rel}","templated":true}]}}