{"id":323667,"date":"2026-04-28T16:55:35","date_gmt":"2026-04-28T19:55:35","guid":{"rendered":"https:\/\/www.lavras24horas.com.br\/portal\/?p=323667"},"modified":"2026-04-28T16:55:39","modified_gmt":"2026-04-28T19:55:39","slug":"avioes-que-transportariam-ministro-andre-mendonca-apresentam-falha-pela-segunda-vez-em-40-dias","status":"publish","type":"post","link":"https:\/\/www.lavras24horas.com.br\/portal\/avioes-que-transportariam-ministro-andre-mendonca-apresentam-falha-pela-segunda-vez-em-40-dias\/","title":{"rendered":"Avi\u00f5es que transportariam ministro Andr\u00e9 Mendon\u00e7a apresentam falha pela segunda vez em 40 dias"},"content":{"rendered":"\n<p>O ministro Andr\u00e9 Mendon\u00e7a, do Supremo Tribunal Federal (STF), enfrentou nesta ter\u00e7a-feira (28\/4) o segundo incidente a\u00e9reo em um intervalo de menos de 40 dias. O magistrado, que atua como relator do Caso Master na Corte, estava a bordo de uma aeronave da Latam no Aeroporto de Congonhas, em S\u00e3o Paulo, quando uma manuten\u00e7\u00e3o n\u00e3o programada foi anunciada pouco antes da decolagem.<br>O voo JJ3203, que tinha como destino Bras\u00edlia, acabou partindo com cerca de 1h30 de atraso ap\u00f3s a conclus\u00e3o dos reparos t\u00e9cnicos. Em nota, a companhia a\u00e9rea informou que a opera\u00e7\u00e3o ocorreu em total seguran\u00e7a. O pouso na capital federal foi realizado sem novas intercorr\u00eancias por volta das 10h30.<br><br>Este epis\u00f3dio ocorre poucas semanas ap\u00f3s outro contratempo envolvendo o ministro. No dia 20 de mar\u00e7o, Mendon\u00e7a estava em Bras\u00edlia para embarcar rumo ao Rio de Janeiro quando o voo foi cancelado ainda em solo. Naquela ocasi\u00e3o, a empresa justificou que a aeronave precisava de uma inspe\u00e7\u00e3o preventiva ap\u00f3s um incidente anterior.<br><br>A repeti\u00e7\u00e3o de falhas t\u00e9cnicas em voos destinados ao relator de processos de grande repercuss\u00e3o no STF tem despertado aten\u00e7\u00e3o nos bastidores da capital. Embora as companhias a\u00e9reas tratem os casos como rotinas de seguran\u00e7a da avia\u00e7\u00e3o civil, a recorr\u00eancia dos fatos levanta questionamentos.<br><br>Ser\u00e1 que estamos diante de uma mera coincid\u00eancia estat\u00edstica?<\/p>\n","protected":false},"excerpt":{"rendered":"<p>O ministro Andr\u00e9 Mendon\u00e7a, do Supremo Tribunal Federal (STF), enfrentou nesta ter\u00e7a-feira (28\/4) o segundo incidente a\u00e9reo em um intervalo de menos de 40 dias. O magistrado, que atua como relator do Caso Master na Corte, estava a bordo de uma aeronave da Latam no Aeroporto de Congonhas, em S\u00e3o Paulo, quando uma manuten\u00e7\u00e3o n\u00e3o [&hellip;]<\/p>\n","protected":false},"author":20,"featured_media":323666,"comment_status":"closed","ping_status":"closed","sticky":false,"template":"","format":"standard","meta":{"advanced_seo_description":"","jetpack_seo_html_title":"","jetpack_seo_noindex":false,"_jetpack_memberships_contains_paid_content":false,"footnotes":""},"categories":[31047],"tags":[],"class_list":["post-323667","post","type-post","status-publish","format-standard","has-post-thumbnail","hentry","category-brasil"],"jetpack_featured_media_url":"https:\/\/i0.wp.com\/www.lavras24horas.com.br\/portal\/wp-content\/uploads\/2026\/04\/images-1-1.jpeg?fit=678%2C452&ssl=1","jetpack_sharing_enabled":true,"jetpack_likes_enabled":true,"_links":{"self":[{"href":"https:\/\/www.lavras24horas.com.br\/portal\/wp-json\/wp\/v2\/posts\/323667","targetHints":{"allow":["GET"]}}],"collection":[{"href":"https:\/\/www.lavras24horas.com.br\/portal\/wp-json\/wp\/v2\/posts"}],"about":[{"href":"https:\/\/www.lavras24horas.com.br\/portal\/wp-json\/wp\/v2\/types\/post"}],"author":[{"embeddable":true,"href":"https:\/\/www.lavras24horas.com.br\/portal\/wp-json\/wp\/v2\/users\/20"}],"replies":[{"embeddable":true,"href":"https:\/\/www.lavras24horas.com.br\/portal\/wp-json\/wp\/v2\/comments?post=323667"}],"version-history":[{"count":1,"href":"https:\/\/www.lavras24horas.com.br\/portal\/wp-json\/wp\/v2\/posts\/323667\/revisions"}],"predecessor-version":[{"id":323668,"href":"https:\/\/www.lavras24horas.com.br\/portal\/wp-json\/wp\/v2\/posts\/323667\/revisions\/323668"}],"wp:featuredmedia":[{"embeddable":true,"href":"https:\/\/www.lavras24horas.com.br\/portal\/wp-json\/wp\/v2\/media\/323666"}],"wp:attachment":[{"href":"https:\/\/www.lavras24horas.com.br\/portal\/wp-json\/wp\/v2\/media?parent=323667"}],"wp:term":[{"taxonomy":"category","embeddable":true,"href":"https:\/\/www.lavras24horas.com.br\/portal\/wp-json\/wp\/v2\/categories?post=323667"},{"taxonomy":"post_tag","embeddable":true,"href":"https:\/\/www.lavras24horas.com.br\/portal\/wp-json\/wp\/v2\/tags?post=323667"}],"curies":[{"name":"wp","href":"https:\/\/api.w.org\/{rel}","templated":true}]}}