{"id":323651,"date":"2026-04-28T12:18:04","date_gmt":"2026-04-28T15:18:04","guid":{"rendered":"https:\/\/www.lavras24horas.com.br\/portal\/?p=323651"},"modified":"2026-04-28T12:18:06","modified_gmt":"2026-04-28T15:18:06","slug":"as-vesperas-da-sabatina-de-messias-governo-lula-libera-r12-bilhoes-em-emendas","status":"publish","type":"post","link":"https:\/\/www.lavras24horas.com.br\/portal\/as-vesperas-da-sabatina-de-messias-governo-lula-libera-r12-bilhoes-em-emendas\/","title":{"rendered":"\u00c0s v\u00e9speras da sabatina de Messias; Governo Lula libera R$12 bilh\u00f5es em emendas"},"content":{"rendered":"\n<p>O Pal\u00e1cio do Planalto intensificou a articula\u00e7\u00e3o pol\u00edtica nesta ter\u00e7a-feira com o empenho de aproximadamente 12 bilh\u00f5es de reais em emendas parlamentares. O movimento ocorre em um momento crucial para o Executivo: a v\u00e9spera da sabatina de Jorge Messias, atual advogado-geral da Uni\u00e3o, indicado para uma vaga no Supremo Tribunal Federal (STF). A vota\u00e7\u00e3o est\u00e1 marcada para amanh\u00e3, dia 29, na Comiss\u00e3o de Constitui\u00e7\u00e3o e Justi\u00e7a (CCJ) do Senado Federal.<br><br>De acordo com dados do Sistema Integrado de Planejamento e Or\u00e7amento (Siop), o volume de recursos empenhados saltou drasticamente nos \u00faltimos dias. At\u00e9 o in\u00edcio de abril, o governo havia reservado menos de 2% do montante obrigat\u00f3rio previsto para o primeiro semestre. Com a nova libera\u00e7\u00e3o, o comprometimento do or\u00e7amento atinge agora 58% do total de 17,3 bilh\u00f5es de reais que devem ser pagos at\u00e9 o final de junho, conforme as regras da Lei de Diretrizes Or\u00e7ament\u00e1rias (LDO).<br><br>O esfor\u00e7o financeiro visa garantir uma margem confort\u00e1vel de votos para Messias, que necessita da aprova\u00e7\u00e3o de pelo menos 14 senadores na CCJ e 41 no plen\u00e1rio da Casa. A distribui\u00e7\u00e3o dos recursos contemplou tanto partidos da base aliada quanto legendas de oposi\u00e7\u00e3o e independentes. Entre os parlamentares mais beneficiados est\u00e3o nomes do Republicanos, PL, MDB e PSD, evidenciando a tentativa do governo de mitigar resist\u00eancias em blocos tradicionalmente cr\u00edticos \u00e0 gest\u00e3o petista.<br><br>L\u00edderes governistas negam que a libera\u00e7\u00e3o esteja diretamente condicionada \u00e0 aprova\u00e7\u00e3o do indicado ao STF, classificando o fluxo como parte do cronograma or\u00e7ament\u00e1rio regular. Contudo, nos bastidores do Congresso, a medida \u00e9 lida como um teste de for\u00e7a e uma ferramenta necess\u00e1ria para destravar pautas de interesse do Executivo em um ano de alta volatilidade pol\u00edtica.<br><br>Fontes: G1, Revista Oeste e InfoMoney.<\/p>\n","protected":false},"excerpt":{"rendered":"<p>O Pal\u00e1cio do Planalto intensificou a articula\u00e7\u00e3o pol\u00edtica nesta ter\u00e7a-feira com o empenho de aproximadamente 12 bilh\u00f5es de reais em emendas parlamentares. O movimento ocorre em um momento crucial para o Executivo: a v\u00e9spera da sabatina de Jorge Messias, atual advogado-geral da Uni\u00e3o, indicado para uma vaga no Supremo Tribunal Federal (STF). A vota\u00e7\u00e3o est\u00e1 [&hellip;]<\/p>\n","protected":false},"author":20,"featured_media":323650,"comment_status":"closed","ping_status":"closed","sticky":false,"template":"","format":"standard","meta":{"advanced_seo_description":"","jetpack_seo_html_title":"","jetpack_seo_noindex":false,"_jetpack_memberships_contains_paid_content":false,"footnotes":""},"categories":[31047],"tags":[],"class_list":["post-323651","post","type-post","status-publish","format-standard","has-post-thumbnail","hentry","category-brasil"],"jetpack_featured_media_url":"https:\/\/i0.wp.com\/www.lavras24horas.com.br\/portal\/wp-content\/uploads\/2026\/04\/101584271-o-presidente-eleito-luiz-inacio-lula-da-silva-e-o-futuro-ministro-da-advocacia-geral-da-un.jpg?fit=888%2C592&ssl=1","jetpack_sharing_enabled":true,"jetpack_likes_enabled":true,"_links":{"self":[{"href":"https:\/\/www.lavras24horas.com.br\/portal\/wp-json\/wp\/v2\/posts\/323651","targetHints":{"allow":["GET"]}}],"collection":[{"href":"https:\/\/www.lavras24horas.com.br\/portal\/wp-json\/wp\/v2\/posts"}],"about":[{"href":"https:\/\/www.lavras24horas.com.br\/portal\/wp-json\/wp\/v2\/types\/post"}],"author":[{"embeddable":true,"href":"https:\/\/www.lavras24horas.com.br\/portal\/wp-json\/wp\/v2\/users\/20"}],"replies":[{"embeddable":true,"href":"https:\/\/www.lavras24horas.com.br\/portal\/wp-json\/wp\/v2\/comments?post=323651"}],"version-history":[{"count":1,"href":"https:\/\/www.lavras24horas.com.br\/portal\/wp-json\/wp\/v2\/posts\/323651\/revisions"}],"predecessor-version":[{"id":323652,"href":"https:\/\/www.lavras24horas.com.br\/portal\/wp-json\/wp\/v2\/posts\/323651\/revisions\/323652"}],"wp:featuredmedia":[{"embeddable":true,"href":"https:\/\/www.lavras24horas.com.br\/portal\/wp-json\/wp\/v2\/media\/323650"}],"wp:attachment":[{"href":"https:\/\/www.lavras24horas.com.br\/portal\/wp-json\/wp\/v2\/media?parent=323651"}],"wp:term":[{"taxonomy":"category","embeddable":true,"href":"https:\/\/www.lavras24horas.com.br\/portal\/wp-json\/wp\/v2\/categories?post=323651"},{"taxonomy":"post_tag","embeddable":true,"href":"https:\/\/www.lavras24horas.com.br\/portal\/wp-json\/wp\/v2\/tags?post=323651"}],"curies":[{"name":"wp","href":"https:\/\/api.w.org\/{rel}","templated":true}]}}