{"id":323645,"date":"2026-04-28T11:13:29","date_gmt":"2026-04-28T14:13:29","guid":{"rendered":"https:\/\/www.lavras24horas.com.br\/portal\/?p=323645"},"modified":"2026-04-28T11:13:32","modified_gmt":"2026-04-28T14:13:32","slug":"gramado-charme-europeu-e-experiencias-inesqueciveis-na-serra-gaucha","status":"publish","type":"post","link":"https:\/\/www.lavras24horas.com.br\/portal\/gramado-charme-europeu-e-experiencias-inesqueciveis-na-serra-gaucha\/","title":{"rendered":"Gramado: charme europeu e experi\u00eancias inesquec\u00edveis na Serra Ga\u00facha"},"content":{"rendered":"\n<p>Localizada na encantadora Serra Ga\u00facha, a cidade de Gramado \u00e9 um dos destinos tur\u00edsticos mais completos do Brasil. Com arquitetura inspirada em vilarejos europeus, ruas limpas e bem cuidadas e uma atmosfera acolhedora, o destino conquista visitantes de todas as idades ao longo do ano.<\/p>\n\n\n\n<p>Gramado \u00e9 conhecida por sua organiza\u00e7\u00e3o e pela qualidade da experi\u00eancia tur\u00edstica. Tudo parece planejado para encantar: desde os jardins floridos at\u00e9 os eventos tem\u00e1ticos que transformam a cidade em diferentes \u00e9pocas. Seja no inverno, quando o frio refor\u00e7a o clima rom\u00e2ntico, ou no ver\u00e3o, com temperaturas mais amenas, o destino oferece sempre algo especial.<\/p>\n\n\n\n<h2 class=\"wp-block-heading\"><strong>Onde se hospedar: como escolher uma hospedagem em Gramado ideal<\/strong><\/h2>\n\n\n\n<p>Escolher uma <a href=\"https:\/\/www.grupowish.com\/prodigy-gramado-by-wish\">hospedagem em Gramado<\/a> come\u00e7a pela defini\u00e7\u00e3o da regi\u00e3o mais adequada ao seu estilo de viagem. Apesar de ser uma cidade relativamente pequena, Gramado possui \u00e1reas com caracter\u00edsticas distintas que influenciam diretamente na experi\u00eancia do visitante.<\/p>\n\n\n\n<p>O centro \u00e9 a regi\u00e3o mais procurada, especialmente nas proximidades da Rua Coberta e da Avenida Borges de Medeiros. Ficar nessa \u00e1rea significa estar perto de restaurantes, lojas e das principais atra\u00e7\u00f5es, al\u00e9m de permitir deslocamentos a p\u00e9 com facilidade.<\/p>\n\n\n\n<p>J\u00e1 bairros como Planalto oferecem uma experi\u00eancia mais tranquila, com ruas arborizadas e menos movimento. Essa regi\u00e3o \u00e9 ideal para quem busca descanso e contato com a natureza, sem abrir m\u00e3o da proximidade com o centro.<\/p>\n\n\n\n<p>Tamb\u00e9m existem op\u00e7\u00f5es em \u00e1reas mais afastadas, que proporcionam ainda mais sil\u00eancio e vistas da paisagem serrana. Avaliar o tipo de viagem \u2014 mais agitada ou mais relaxante \u2014 \u00e9 fundamental para fazer a melhor escolha.<\/p>\n\n\n\n<h2 class=\"wp-block-heading\"><strong>Lago Negro: um dos cen\u00e1rios mais ic\u00f4nicos da cidade<\/strong><\/h2>\n\n\n\n<p>O Lago Negro \u00e9 um dos pontos tur\u00edsticos mais famosos de Gramado. Cercado por \u00e1rvores trazidas da Europa, o local oferece um cen\u00e1rio que lembra paisagens alpinas.<\/p>\n\n\n\n<p>O lago \u00e9 perfeito para caminhadas, passeios de pedalinho e momentos de contempla\u00e7\u00e3o. Durante o outono, as folhas ganham tons avermelhados, criando um visual ainda mais encantador. J\u00e1 no inverno, o clima frio refor\u00e7a o charme do local.<\/p>\n\n\n\n<p>\u00c9 um passeio simples, mas que representa muito bem a ess\u00eancia da cidade.<\/p>\n\n\n\n<h2 class=\"wp-block-heading\"><strong>Centro de Gramado: charme e movimento<\/strong><\/h2>\n\n\n\n<p>O centro \u00e9 o cora\u00e7\u00e3o tur\u00edstico de Gramado. A Rua Coberta \u00e9 um dos pontos mais movimentados, reunindo restaurantes, caf\u00e9s e eventos ao longo do ano.<\/p>\n\n\n\n<p>Ali perto est\u00e1 a Igreja Matriz S\u00e3o Pedro Ap\u00f3stolo, um dos principais s\u00edmbolos da cidade. Sua arquitetura e ilumina\u00e7\u00e3o noturna criam um cen\u00e1rio bastante fotog\u00eanico.<\/p>\n\n\n\n<p>Caminhar pelo centro \u00e9 uma experi\u00eancia em si, com ruas limpas, organizadas e cheias de detalhes que encantam os visitantes.<\/p>\n\n\n\n<h2 class=\"wp-block-heading\"><strong>Atra\u00e7\u00f5es tem\u00e1ticas e divers\u00e3o para todos<\/strong><\/h2>\n\n\n\n<p>Gramado se destaca pela variedade de atra\u00e7\u00f5es tem\u00e1ticas. O Mini Mundo \u00e9 um dos destaques, com r\u00e9plicas detalhadas de constru\u00e7\u00f5es famosas em miniatura.<\/p>\n\n\n\n<p>Outro ponto bastante procurado \u00e9 o Snowland, um parque de neve indoor que oferece uma experi\u00eancia \u00fanica no Brasil.<\/p>\n\n\n\n<p>Al\u00e9m disso, h\u00e1 diversos museus e espa\u00e7os interativos que atendem diferentes p\u00fablicos, tornando o destino ideal para fam\u00edlias, casais e grupos de amigos.<\/p>\n\n\n\n<h2 class=\"wp-block-heading\"><strong>Gastronomia: um dos grandes atrativos<\/strong><\/h2>\n\n\n\n<p>A culin\u00e1ria \u00e9 um dos pilares da experi\u00eancia em Gramado. A cidade \u00e9 famosa por seus caf\u00e9s coloniais, sequ\u00eancias de fondue e chocolates artesanais.<\/p>\n\n\n\n<p>A influ\u00eancia europeia, especialmente alem\u00e3 e italiana, est\u00e1 presente em muitos pratos. Massas, carnes e sobremesas s\u00e3o preparados com cuidado, criando experi\u00eancias gastron\u00f4micas completas.<\/p>\n\n\n\n<p>Explorar a gastronomia local \u00e9 essencial para aproveitar a viagem ao m\u00e1ximo.<\/p>\n\n\n\n<h2 class=\"wp-block-heading\"><strong>Eventos que transformam a cidade<\/strong><\/h2>\n\n\n\n<p>Gramado \u00e9 um destino que se reinventa ao longo do ano gra\u00e7as aos seus eventos. O Natal Luz de Gramado \u00e9 o mais famoso, transformando a cidade em um verdadeiro espet\u00e1culo de luzes e apresenta\u00e7\u00f5es.<\/p>\n\n\n\n<p>Outro destaque \u00e9 o Festival de Cinema de Gramado, que atrai artistas e visitantes de todo o pa\u00eds.<\/p>\n\n\n\n<p>Esses eventos fazem com que a cidade ofere\u00e7a experi\u00eancias diferentes dependendo da \u00e9poca da visita.<\/p>\n\n\n\n<h2 class=\"wp-block-heading\"><strong>Natureza e arredores<\/strong><\/h2>\n\n\n\n<p>Apesar de sua forte estrutura tur\u00edstica, Gramado tamb\u00e9m oferece contato com a natureza. O Vale do Quilombo \u00e9 um dos destaques, com uma vista panor\u00e2mica impressionante da regi\u00e3o.<\/p>\n\n\n\n<p>Al\u00e9m disso, a proximidade com Canela amplia as op\u00e7\u00f5es de passeio. Um dos principais pontos \u00e9 o Parque do Caracol, onde est\u00e1 uma das cascatas mais famosas da regi\u00e3o.<\/p>\n\n\n\n<p>Esses locais complementam a experi\u00eancia e tornam a viagem ainda mais completa.<\/p>\n\n\n\n<h2 class=\"wp-block-heading\"><strong>Dicas pr\u00e1ticas para aproveitar melhor<\/strong><\/h2>\n\n\n\n<p>Para conhecer bem Gramado, o ideal \u00e9 planejar uma estadia de tr\u00eas a quatro dias. Isso permite explorar as principais atra\u00e7\u00f5es com calma e ainda visitar cidades pr\u00f3ximas.<\/p>\n\n\n\n<p>O clima \u00e9 um fator importante: mesmo no ver\u00e3o, as noites costumam ser frescas. J\u00e1 no inverno, o frio \u00e9 um dos grandes atrativos, mas exige preparo.<\/p>\n\n\n\n<p>Tamb\u00e9m \u00e9 importante considerar que Gramado \u00e9 um destino bastante procurado, especialmente em per\u00edodos como o Natal Luz, ent\u00e3o planejar com anteced\u00eancia pode fazer diferen\u00e7a.<\/p>\n","protected":false},"excerpt":{"rendered":"<p>Localizada na encantadora Serra Ga\u00facha, a cidade de Gramado \u00e9 um dos destinos tur\u00edsticos mais completos do Brasil. Com arquitetura inspirada em vilarejos europeus, ruas limpas e bem cuidadas e uma atmosfera acolhedora, o destino conquista visitantes de todas as idades ao longo do ano. Gramado \u00e9 conhecida por sua organiza\u00e7\u00e3o e pela qualidade da [&hellip;]<\/p>\n","protected":false},"author":7,"featured_media":323646,"comment_status":"closed","ping_status":"closed","sticky":false,"template":"","format":"standard","meta":{"advanced_seo_description":"","jetpack_seo_html_title":"","jetpack_seo_noindex":false,"_jetpack_memberships_contains_paid_content":false,"footnotes":""},"categories":[1],"tags":[],"class_list":["post-323645","post","type-post","status-publish","format-standard","has-post-thumbnail","hentry","category-sem-categoria"],"jetpack_featured_media_url":"https:\/\/i0.wp.com\/www.lavras24horas.com.br\/portal\/wp-content\/uploads\/2026\/04\/pexels-felipepelaquim-1895031-scaled.jpg?fit=2560%2C1707&ssl=1","jetpack_sharing_enabled":true,"jetpack_likes_enabled":true,"_links":{"self":[{"href":"https:\/\/www.lavras24horas.com.br\/portal\/wp-json\/wp\/v2\/posts\/323645","targetHints":{"allow":["GET"]}}],"collection":[{"href":"https:\/\/www.lavras24horas.com.br\/portal\/wp-json\/wp\/v2\/posts"}],"about":[{"href":"https:\/\/www.lavras24horas.com.br\/portal\/wp-json\/wp\/v2\/types\/post"}],"author":[{"embeddable":true,"href":"https:\/\/www.lavras24horas.com.br\/portal\/wp-json\/wp\/v2\/users\/7"}],"replies":[{"embeddable":true,"href":"https:\/\/www.lavras24horas.com.br\/portal\/wp-json\/wp\/v2\/comments?post=323645"}],"version-history":[{"count":1,"href":"https:\/\/www.lavras24horas.com.br\/portal\/wp-json\/wp\/v2\/posts\/323645\/revisions"}],"predecessor-version":[{"id":323647,"href":"https:\/\/www.lavras24horas.com.br\/portal\/wp-json\/wp\/v2\/posts\/323645\/revisions\/323647"}],"wp:featuredmedia":[{"embeddable":true,"href":"https:\/\/www.lavras24horas.com.br\/portal\/wp-json\/wp\/v2\/media\/323646"}],"wp:attachment":[{"href":"https:\/\/www.lavras24horas.com.br\/portal\/wp-json\/wp\/v2\/media?parent=323645"}],"wp:term":[{"taxonomy":"category","embeddable":true,"href":"https:\/\/www.lavras24horas.com.br\/portal\/wp-json\/wp\/v2\/categories?post=323645"},{"taxonomy":"post_tag","embeddable":true,"href":"https:\/\/www.lavras24horas.com.br\/portal\/wp-json\/wp\/v2\/tags?post=323645"}],"curies":[{"name":"wp","href":"https:\/\/api.w.org\/{rel}","templated":true}]}}