{"id":323638,"date":"2026-04-28T10:27:40","date_gmt":"2026-04-28T13:27:40","guid":{"rendered":"https:\/\/www.lavras24horas.com.br\/portal\/?p=323638"},"modified":"2026-04-28T10:27:40","modified_gmt":"2026-04-28T13:27:40","slug":"ufla-abre-portas-para-estudantes-do-fundamental-e-medio-desenvolverem-ciencia-engenharia-e-tecnologia","status":"publish","type":"post","link":"https:\/\/www.lavras24horas.com.br\/portal\/ufla-abre-portas-para-estudantes-do-fundamental-e-medio-desenvolverem-ciencia-engenharia-e-tecnologia\/","title":{"rendered":"UFLA abre portas para estudantes do Fundamental e M\u00e9dio desenvolverem ci\u00eancia, engenharia e tecnologia"},"content":{"rendered":"\n<p class=\"p1\">Est\u00e3o abertas at\u00e9 4 de maio as inscri\u00e7\u00f5es para a 2\u00aa Feira de Engenharia e Tecnologia de Lavras (FETL 2026), organizada pela Universidade Federal de Lavras (UFLA). O evento \u00e9 gratuito e voltado a estudantes dos anos finais do Ensino Fundamental e M\u00e9dio de escolas p\u00fablicas e privadas de Lavras e regi\u00e3o.<\/p>\n\n\n\n<p class=\"p1\">Ap\u00f3s o sucesso da 1\u00aa edi\u00e7\u00e3o em 2025, que reuniu mais de 100 estudantes e 43 projetos, a feira retorna mais ampla, agora aberta a escolas de toda a regi\u00e3o. O objetivo \u00e9 aproximar a universidade da comunidade escolar e estimular a produ\u00e7\u00e3o cient\u00edfica.<\/p>\n\n\n\n<p class=\"p1\">Como participar<\/p>\n\n\n\n<p class=\"p1\">Os alunos devem desenvolver projetos pr\u00e1ticos nas \u00e1reas de ci\u00eancia, engenharia ou tecnologia (prot\u00f3tipos, experimentos, softwares ou solu\u00e7\u00f5es para problemas reais). As equipes podem ter at\u00e9 3 estudantes e precisam de um professor orientador. Cada aluno participa de apenas um projeto.<\/p>\n\n\n\n<p class=\"p1\">A programa\u00e7\u00e3o inclui apresenta\u00e7\u00e3o dos trabalhos, atividades interativas, avalia\u00e7\u00f5es e possibilidade de bolsas BIC J\u00fanior. Os projetos passam por valida\u00e7\u00e3o antes da etapa presencial.<\/p>\n\n\n\n<p class=\"p1\">Novidades da edi\u00e7\u00e3o 2026<\/p>\n\n\n\n<p class=\"p3\">\u2022&nbsp; Maior alcance regional<\/p>\n\n\n\n<p class=\"p3\">\u2022&nbsp; Mais categorias de premia\u00e7\u00e3o<\/p>\n\n\n\n<p class=\"p3\">\u2022&nbsp; Tema \u201cMulheres na Ci\u00eancia\u201d<\/p>\n\n\n\n<p class=\"p3\">\u2022&nbsp; Projetos vencedores poder\u00e3o ir para a Febrace nacional<\/p>\n\n\n\n<p class=\"p1\">Inscri\u00e7\u00f5es e informa\u00e7\u00f5es: <a href=\"mailto:snct@ufla.br\">snct@ufla.br<\/a><\/p>\n\n\n\n<p class=\"p5\">Uma \u00f3tima oportunidade para jovens desenvolverem ideias inovadoras e conhecerem a ci\u00eancia de perto!<\/p>\n","protected":false},"excerpt":{"rendered":"<p>Est\u00e3o abertas at\u00e9 4 de maio as inscri\u00e7\u00f5es para a 2\u00aa Feira de Engenharia e Tecnologia de Lavras (FETL 2026), organizada pela Universidade Federal de Lavras (UFLA). O evento \u00e9 gratuito e voltado a estudantes dos anos finais do Ensino Fundamental e M\u00e9dio de escolas p\u00fablicas e privadas de Lavras e regi\u00e3o. Ap\u00f3s o sucesso [&hellip;]<\/p>\n","protected":false},"author":7,"featured_media":323637,"comment_status":"closed","ping_status":"closed","sticky":false,"template":"","format":"standard","meta":{"advanced_seo_description":"","jetpack_seo_html_title":"","jetpack_seo_noindex":false,"_jetpack_memberships_contains_paid_content":false,"footnotes":""},"categories":[4],"tags":[],"class_list":["post-323638","post","type-post","status-publish","format-standard","has-post-thumbnail","hentry","category-lavras"],"jetpack_featured_media_url":"https:\/\/i0.wp.com\/www.lavras24horas.com.br\/portal\/wp-content\/uploads\/2026\/04\/img_9930.png?fit=1000%2C668&ssl=1","jetpack_sharing_enabled":true,"jetpack_likes_enabled":true,"_links":{"self":[{"href":"https:\/\/www.lavras24horas.com.br\/portal\/wp-json\/wp\/v2\/posts\/323638","targetHints":{"allow":["GET"]}}],"collection":[{"href":"https:\/\/www.lavras24horas.com.br\/portal\/wp-json\/wp\/v2\/posts"}],"about":[{"href":"https:\/\/www.lavras24horas.com.br\/portal\/wp-json\/wp\/v2\/types\/post"}],"author":[{"embeddable":true,"href":"https:\/\/www.lavras24horas.com.br\/portal\/wp-json\/wp\/v2\/users\/7"}],"replies":[{"embeddable":true,"href":"https:\/\/www.lavras24horas.com.br\/portal\/wp-json\/wp\/v2\/comments?post=323638"}],"version-history":[{"count":1,"href":"https:\/\/www.lavras24horas.com.br\/portal\/wp-json\/wp\/v2\/posts\/323638\/revisions"}],"predecessor-version":[{"id":323639,"href":"https:\/\/www.lavras24horas.com.br\/portal\/wp-json\/wp\/v2\/posts\/323638\/revisions\/323639"}],"wp:featuredmedia":[{"embeddable":true,"href":"https:\/\/www.lavras24horas.com.br\/portal\/wp-json\/wp\/v2\/media\/323637"}],"wp:attachment":[{"href":"https:\/\/www.lavras24horas.com.br\/portal\/wp-json\/wp\/v2\/media?parent=323638"}],"wp:term":[{"taxonomy":"category","embeddable":true,"href":"https:\/\/www.lavras24horas.com.br\/portal\/wp-json\/wp\/v2\/categories?post=323638"},{"taxonomy":"post_tag","embeddable":true,"href":"https:\/\/www.lavras24horas.com.br\/portal\/wp-json\/wp\/v2\/tags?post=323638"}],"curies":[{"name":"wp","href":"https:\/\/api.w.org\/{rel}","templated":true}]}}