{"id":323629,"date":"2026-04-28T09:56:28","date_gmt":"2026-04-28T12:56:28","guid":{"rendered":"https:\/\/www.lavras24horas.com.br\/portal\/?p=323629"},"modified":"2026-04-28T09:56:30","modified_gmt":"2026-04-28T12:56:30","slug":"pgr-arquiva-pedido-de-investigacao-contra-gilmar-mendes-por-declaracoes-homofobicas-sobre-zema","status":"publish","type":"post","link":"https:\/\/www.lavras24horas.com.br\/portal\/pgr-arquiva-pedido-de-investigacao-contra-gilmar-mendes-por-declaracoes-homofobicas-sobre-zema\/","title":{"rendered":"PGR arquiva pedido de investiga\u00e7\u00e3o contra Gilmar Mendes por declara\u00e7\u00f5es homof\u00f3bicas sobre Zema"},"content":{"rendered":"\n<p>O Procurador-Geral da Rep\u00fablica, Paulo Gonet, decidiu pelo arquivamento do pedido de investiga\u00e7\u00e3o contra o ministro do Supremo Tribunal Federal (STF), Gilmar Mendes. O pedido baseava-se em suposta pr\u00e1tica de homofobia ap\u00f3s declara\u00e7\u00f5es do magistrado envolvendo o ex-governador de Minas Gerais, Romeu Zema. A decis\u00e3o seguiu o entendimento t\u00e9cnico de que a retrata\u00e7\u00e3o imediata do ministro esvaziou a necessidade de continuidade do processo.<br><br>O parecer que fundamentou a decis\u00e3o de Gonet foi elaborado pelo subprocurador-geral da Rep\u00fablica, Ubiratan Cazetta. No documento, a PGR destacou que Gilmar Mendes reconheceu publicamente a inadequa\u00e7\u00e3o de suas palavras e se desculpou de forma espont\u00e2nea. Para o \u00f3rg\u00e3o, essa postura demonstrou a aus\u00eancia de dolo ou inten\u00e7\u00e3o de ferir direitos da comunidade LGBTQIA+, n\u00e3o justificando o acionamento do aparato judicial.<br><br>O caso teve in\u00edcio quando Mendes, em entrevista ao portal Metr\u00f3poles, utilizou a homossexualidade como exemplo de algo que poderia ser considerado uma &#8220;acusa\u00e7\u00e3o injuriosa&#8221; ao criticar ataques sofridos pelo ex-governador mineiro. Diante da repercuss\u00e3o, o ministro admitiu que o uso da orienta\u00e7\u00e3o sexual em tal contexto foi um erro. O arquivamento encerra a an\u00e1lise do epis\u00f3dio no \u00e2mbito da Procuradoria-Geral da Rep\u00fablica por falta de elementos que caracterizem crime.<br><br>Fontes: G1, Revista Oeste e Congresso em Foco.<br><\/p>\n","protected":false},"excerpt":{"rendered":"<p>O Procurador-Geral da Rep\u00fablica, Paulo Gonet, decidiu pelo arquivamento do pedido de investiga\u00e7\u00e3o contra o ministro do Supremo Tribunal Federal (STF), Gilmar Mendes. O pedido baseava-se em suposta pr\u00e1tica de homofobia ap\u00f3s declara\u00e7\u00f5es do magistrado envolvendo o ex-governador de Minas Gerais, Romeu Zema. A decis\u00e3o seguiu o entendimento t\u00e9cnico de que a retrata\u00e7\u00e3o imediata do [&hellip;]<\/p>\n","protected":false},"author":20,"featured_media":323628,"comment_status":"closed","ping_status":"closed","sticky":false,"template":"","format":"standard","meta":{"advanced_seo_description":"","jetpack_seo_html_title":"","jetpack_seo_noindex":false,"_jetpack_memberships_contains_paid_content":false,"footnotes":""},"categories":[31047],"tags":[],"class_list":["post-323629","post","type-post","status-publish","format-standard","has-post-thumbnail","hentry","category-brasil"],"jetpack_featured_media_url":"https:\/\/i0.wp.com\/www.lavras24horas.com.br\/portal\/wp-content\/uploads\/2026\/04\/IMG_20260428_095256.jpg?fit=655%2C768&ssl=1","jetpack_sharing_enabled":true,"jetpack_likes_enabled":true,"_links":{"self":[{"href":"https:\/\/www.lavras24horas.com.br\/portal\/wp-json\/wp\/v2\/posts\/323629","targetHints":{"allow":["GET"]}}],"collection":[{"href":"https:\/\/www.lavras24horas.com.br\/portal\/wp-json\/wp\/v2\/posts"}],"about":[{"href":"https:\/\/www.lavras24horas.com.br\/portal\/wp-json\/wp\/v2\/types\/post"}],"author":[{"embeddable":true,"href":"https:\/\/www.lavras24horas.com.br\/portal\/wp-json\/wp\/v2\/users\/20"}],"replies":[{"embeddable":true,"href":"https:\/\/www.lavras24horas.com.br\/portal\/wp-json\/wp\/v2\/comments?post=323629"}],"version-history":[{"count":1,"href":"https:\/\/www.lavras24horas.com.br\/portal\/wp-json\/wp\/v2\/posts\/323629\/revisions"}],"predecessor-version":[{"id":323630,"href":"https:\/\/www.lavras24horas.com.br\/portal\/wp-json\/wp\/v2\/posts\/323629\/revisions\/323630"}],"wp:featuredmedia":[{"embeddable":true,"href":"https:\/\/www.lavras24horas.com.br\/portal\/wp-json\/wp\/v2\/media\/323628"}],"wp:attachment":[{"href":"https:\/\/www.lavras24horas.com.br\/portal\/wp-json\/wp\/v2\/media?parent=323629"}],"wp:term":[{"taxonomy":"category","embeddable":true,"href":"https:\/\/www.lavras24horas.com.br\/portal\/wp-json\/wp\/v2\/categories?post=323629"},{"taxonomy":"post_tag","embeddable":true,"href":"https:\/\/www.lavras24horas.com.br\/portal\/wp-json\/wp\/v2\/tags?post=323629"}],"curies":[{"name":"wp","href":"https:\/\/api.w.org\/{rel}","templated":true}]}}