{"id":323602,"date":"2026-04-27T20:26:52","date_gmt":"2026-04-27T23:26:52","guid":{"rendered":"https:\/\/www.lavras24horas.com.br\/portal\/?p=323602"},"modified":"2026-04-27T20:26:52","modified_gmt":"2026-04-27T23:26:52","slug":"mulher-que-matou-marido-a-facada-alega-legitima-defesa-e-e-liberada-pela-policia-em-minas-gerais","status":"publish","type":"post","link":"https:\/\/www.lavras24horas.com.br\/portal\/mulher-que-matou-marido-a-facada-alega-legitima-defesa-e-e-liberada-pela-policia-em-minas-gerais\/","title":{"rendered":"Mulher que matou marido a facada alega leg\u00edtima defesa e \u00e9 liberada pela pol\u00edcia em Minas Gerais"},"content":{"rendered":"\n<p>Uma mulher de 46 anos foi liberada pela Pol\u00edcia Civil de Minas Gerais ap\u00f3s confessar o homic\u00eddio do marido, de 42 anos, com uma facada no pesco\u00e7o. O caso ocorreu na noite de domingo (26\/4), em Ibirit\u00e9, na Regi\u00e3o Metropolitana de Belo Horizonte.<\/p>\n\n\n\n<p>De acordo com o depoimento da suspeita, ela agiu em leg\u00edtima defesa ap\u00f3s ser agredida pelo companheiro. A mulher relatou sofrer agress\u00f5es f\u00edsicas e psicol\u00f3gicas h\u00e1 cerca de 15 anos e disse que mantinha a rela\u00e7\u00e3o por depend\u00eancia financeira e pelo bem da filha do casal, uma adolescente de 13 anos com autismo.<\/p>\n\n\n\n<p>Ela ainda afirmou desconfiar de poss\u00edveis abusos do marido contra a menina, tendo encontrado o homem saindo do quarto da filha em uma ocasi\u00e3o, o que a levou a trancar a porta do c\u00f4modo. Na noite do crime, o casal havia bebido em um bar e, ao chegar em casa, discutiu. Segundo ela, o homem a agrediu novamente com socos na cabe\u00e7a e no rosto, momento em que a mulher o esfaqueou.<\/p>\n\n\n\n<p>A mulher foi ouvida e liberada nesta segunda-feira (27\/4). O caso segue sendo investigado.<\/p>\n","protected":false},"excerpt":{"rendered":"<p>Uma mulher de 46 anos foi liberada pela Pol\u00edcia Civil de Minas Gerais ap\u00f3s confessar o homic\u00eddio do marido, de 42 anos, com uma facada no pesco\u00e7o. O caso ocorreu na noite de domingo (26\/4), em Ibirit\u00e9, na Regi\u00e3o Metropolitana de Belo Horizonte. De acordo com o depoimento da suspeita, ela agiu em leg\u00edtima defesa [&hellip;]<\/p>\n","protected":false},"author":7,"featured_media":323601,"comment_status":"closed","ping_status":"closed","sticky":false,"template":"","format":"standard","meta":{"advanced_seo_description":"","jetpack_seo_html_title":"","jetpack_seo_noindex":false,"_jetpack_memberships_contains_paid_content":false,"footnotes":""},"categories":[79],"tags":[],"class_list":["post-323602","post","type-post","status-publish","format-standard","has-post-thumbnail","hentry","category-regiao"],"jetpack_featured_media_url":"https:\/\/i0.wp.com\/www.lavras24horas.com.br\/portal\/wp-content\/uploads\/2026\/04\/img_9894.jpg?fit=619%2C495&ssl=1","jetpack_sharing_enabled":true,"jetpack_likes_enabled":true,"_links":{"self":[{"href":"https:\/\/www.lavras24horas.com.br\/portal\/wp-json\/wp\/v2\/posts\/323602","targetHints":{"allow":["GET"]}}],"collection":[{"href":"https:\/\/www.lavras24horas.com.br\/portal\/wp-json\/wp\/v2\/posts"}],"about":[{"href":"https:\/\/www.lavras24horas.com.br\/portal\/wp-json\/wp\/v2\/types\/post"}],"author":[{"embeddable":true,"href":"https:\/\/www.lavras24horas.com.br\/portal\/wp-json\/wp\/v2\/users\/7"}],"replies":[{"embeddable":true,"href":"https:\/\/www.lavras24horas.com.br\/portal\/wp-json\/wp\/v2\/comments?post=323602"}],"version-history":[{"count":1,"href":"https:\/\/www.lavras24horas.com.br\/portal\/wp-json\/wp\/v2\/posts\/323602\/revisions"}],"predecessor-version":[{"id":323603,"href":"https:\/\/www.lavras24horas.com.br\/portal\/wp-json\/wp\/v2\/posts\/323602\/revisions\/323603"}],"wp:featuredmedia":[{"embeddable":true,"href":"https:\/\/www.lavras24horas.com.br\/portal\/wp-json\/wp\/v2\/media\/323601"}],"wp:attachment":[{"href":"https:\/\/www.lavras24horas.com.br\/portal\/wp-json\/wp\/v2\/media?parent=323602"}],"wp:term":[{"taxonomy":"category","embeddable":true,"href":"https:\/\/www.lavras24horas.com.br\/portal\/wp-json\/wp\/v2\/categories?post=323602"},{"taxonomy":"post_tag","embeddable":true,"href":"https:\/\/www.lavras24horas.com.br\/portal\/wp-json\/wp\/v2\/tags?post=323602"}],"curies":[{"name":"wp","href":"https:\/\/api.w.org\/{rel}","templated":true}]}}