{"id":323599,"date":"2026-04-27T18:26:04","date_gmt":"2026-04-27T21:26:04","guid":{"rendered":"https:\/\/www.lavras24horas.com.br\/portal\/?p=323599"},"modified":"2026-04-27T18:26:32","modified_gmt":"2026-04-27T21:26:32","slug":"estudo-comprova-que-taxa-das-blusinhas-nao-gerou-empregos-e-incentivou-varejo-nacional-a-subir-precos","status":"publish","type":"post","link":"https:\/\/www.lavras24horas.com.br\/portal\/estudo-comprova-que-taxa-das-blusinhas-nao-gerou-empregos-e-incentivou-varejo-nacional-a-subir-precos\/","title":{"rendered":"Estudo comprova que &#8216;taxa das blusinhas&#8217; n\u00e3o gerou empregos e incentivou varejo nacional a subir pre\u00e7os"},"content":{"rendered":"\n<p>A implementa\u00e7\u00e3o da cobran\u00e7a de 20% sobre compras internacionais de at\u00e9 US$ 50, popularmente conhecida como taxa das blusinhas, completa seu ciclo inicial com resultados distantes do prometido. Segundo estudo da Global Intelligence and Analytics, encomendado pela Amobitec, a medida n\u00e3o gerou o impacto esperado na preserva\u00e7\u00e3o de empregos ou na valoriza\u00e7\u00e3o salarial dentro do varejo brasileiro.<br><br>Em vigor desde agosto de 2024, a taxa\u00e7\u00e3o provocou uma queda de 56% na demanda por produtos importados de baixo valor. No entanto, o setor nacional, em vez de expandir a produ\u00e7\u00e3o ou contratar, aproveitou a redu\u00e7\u00e3o da concorr\u00eancia externa para elevar pre\u00e7os ao consumidor final. O levantamento indica ainda que as remunera\u00e7\u00f5es no setor continuam abaixo da m\u00e9dia do mercado, evidenciando que a prote\u00e7\u00e3o comercial n\u00e3o se converteu em benef\u00edcios para o trabalhador.<br><br>O efeito colateral mais severo atingiu o poder de compra das classes C, D e E, que compunham o grosso do volume de importa\u00e7\u00f5es. Enquanto o acesso a produtos acess\u00edveis foi restringido, a arrecada\u00e7\u00e3o federal n\u00e3o acompanhou proporcionalmente o volume de transa\u00e7\u00f5es remanescentes. Com a popularidade da medida em queda brusca e a aus\u00eancia de indicadores econ\u00f4micos positivos no mercado interno, o governo federal j\u00e1 sinaliza a inten\u00e7\u00e3o de rever a al\u00edquota nos pr\u00f3ximos meses.<br><br>Fontes: Estudo Global Intelligence and Analytics \/ Amobitec.<\/p>\n","protected":false},"excerpt":{"rendered":"<p>A implementa\u00e7\u00e3o da cobran\u00e7a de 20% sobre compras internacionais de at\u00e9 US$ 50, popularmente conhecida como taxa das blusinhas, completa seu ciclo inicial com resultados distantes do prometido. Segundo estudo da Global Intelligence and Analytics, encomendado pela Amobitec, a medida n\u00e3o gerou o impacto esperado na preserva\u00e7\u00e3o de empregos ou na valoriza\u00e7\u00e3o salarial dentro do [&hellip;]<\/p>\n","protected":false},"author":20,"featured_media":323598,"comment_status":"closed","ping_status":"closed","sticky":false,"template":"","format":"standard","meta":{"advanced_seo_description":"","jetpack_seo_html_title":"","jetpack_seo_noindex":false,"_jetpack_memberships_contains_paid_content":false,"footnotes":""},"categories":[31047],"tags":[],"class_list":["post-323599","post","type-post","status-publish","format-standard","has-post-thumbnail","hentry","category-brasil"],"jetpack_featured_media_url":"https:\/\/i0.wp.com\/www.lavras24horas.com.br\/portal\/wp-content\/uploads\/2026\/04\/image_processing20200201-29235-1i46738.jpg?fit=800%2C744&ssl=1","jetpack_sharing_enabled":true,"jetpack_likes_enabled":true,"_links":{"self":[{"href":"https:\/\/www.lavras24horas.com.br\/portal\/wp-json\/wp\/v2\/posts\/323599","targetHints":{"allow":["GET"]}}],"collection":[{"href":"https:\/\/www.lavras24horas.com.br\/portal\/wp-json\/wp\/v2\/posts"}],"about":[{"href":"https:\/\/www.lavras24horas.com.br\/portal\/wp-json\/wp\/v2\/types\/post"}],"author":[{"embeddable":true,"href":"https:\/\/www.lavras24horas.com.br\/portal\/wp-json\/wp\/v2\/users\/20"}],"replies":[{"embeddable":true,"href":"https:\/\/www.lavras24horas.com.br\/portal\/wp-json\/wp\/v2\/comments?post=323599"}],"version-history":[{"count":1,"href":"https:\/\/www.lavras24horas.com.br\/portal\/wp-json\/wp\/v2\/posts\/323599\/revisions"}],"predecessor-version":[{"id":323600,"href":"https:\/\/www.lavras24horas.com.br\/portal\/wp-json\/wp\/v2\/posts\/323599\/revisions\/323600"}],"wp:featuredmedia":[{"embeddable":true,"href":"https:\/\/www.lavras24horas.com.br\/portal\/wp-json\/wp\/v2\/media\/323598"}],"wp:attachment":[{"href":"https:\/\/www.lavras24horas.com.br\/portal\/wp-json\/wp\/v2\/media?parent=323599"}],"wp:term":[{"taxonomy":"category","embeddable":true,"href":"https:\/\/www.lavras24horas.com.br\/portal\/wp-json\/wp\/v2\/categories?post=323599"},{"taxonomy":"post_tag","embeddable":true,"href":"https:\/\/www.lavras24horas.com.br\/portal\/wp-json\/wp\/v2\/tags?post=323599"}],"curies":[{"name":"wp","href":"https:\/\/api.w.org\/{rel}","templated":true}]}}