{"id":323579,"date":"2026-04-27T14:39:02","date_gmt":"2026-04-27T17:39:02","guid":{"rendered":"https:\/\/www.lavras24horas.com.br\/portal\/?p=323579"},"modified":"2026-04-27T14:39:07","modified_gmt":"2026-04-27T17:39:07","slug":"escala-6x1-em-debate-festa-do-trabalhador-movimenta-lavras-com-shows-e-forte-mobilizacao-sindical","status":"publish","type":"post","link":"https:\/\/www.lavras24horas.com.br\/portal\/escala-6x1-em-debate-festa-do-trabalhador-movimenta-lavras-com-shows-e-forte-mobilizacao-sindical\/","title":{"rendered":"Escala 6&#215;1 em debate: Festa do Trabalhador movimenta Lavras com shows e forte mobiliza\u00e7\u00e3o sindical"},"content":{"rendered":"\n<p>A tradicional <strong>Festa do Trabalhador<\/strong> promete agitar a Pra\u00e7a dos Trabalhadores no pr\u00f3ximo dia 1\u00ba de maio, a partir das 9h. O evento, que celebra o Dia do Trabalhador, une m\u00fasica, lazer e mobiliza\u00e7\u00e3o por direitos trabalhistas, com destaque para a campanha pelo fim da <strong>escala 6&#215;1<\/strong>.<\/p>\n\n\n\n<figure class=\"wp-block-image size-large\"><img data-recalc-dims=\"1\" fetchpriority=\"high\" decoding=\"async\" width=\"488\" height=\"650\" data-attachment-id=\"323581\" data-permalink=\"https:\/\/www.lavras24horas.com.br\/portal\/escala-6x1-em-debate-festa-do-trabalhador-movimenta-lavras-com-shows-e-forte-mobilizacao-sindical\/jeitosebas_1776872025_3881006248527481873_2374837207-2\/\" data-orig-file=\"https:\/\/i0.wp.com\/www.lavras24horas.com.br\/portal\/wp-content\/uploads\/2026\/04\/jeitosebas_1776872025_3881006248527481873_2374837207-1.jpg?fit=1440%2C1920&amp;ssl=1\" data-orig-size=\"1440,1920\" data-comments-opened=\"0\" data-image-meta=\"{&quot;aperture&quot;:&quot;0&quot;,&quot;credit&quot;:&quot;&quot;,&quot;camera&quot;:&quot;&quot;,&quot;caption&quot;:&quot;&quot;,&quot;created_timestamp&quot;:&quot;0&quot;,&quot;copyright&quot;:&quot;&quot;,&quot;focal_length&quot;:&quot;0&quot;,&quot;iso&quot;:&quot;0&quot;,&quot;shutter_speed&quot;:&quot;0&quot;,&quot;title&quot;:&quot;&quot;,&quot;orientation&quot;:&quot;0&quot;}\" data-image-title=\"jeitosebas_1776872025_3881006248527481873_2374837207\" data-image-description=\"\" data-image-caption=\"\" data-large-file=\"https:\/\/i0.wp.com\/www.lavras24horas.com.br\/portal\/wp-content\/uploads\/2026\/04\/jeitosebas_1776872025_3881006248527481873_2374837207-1.jpg?fit=488%2C650&amp;ssl=1\" src=\"https:\/\/i0.wp.com\/www.lavras24horas.com.br\/portal\/wp-content\/uploads\/2026\/04\/jeitosebas_1776872025_3881006248527481873_2374837207-1.jpg?resize=488%2C650&#038;ssl=1\" alt=\"\" class=\"wp-image-323581\" srcset=\"https:\/\/i0.wp.com\/www.lavras24horas.com.br\/portal\/wp-content\/uploads\/2026\/04\/jeitosebas_1776872025_3881006248527481873_2374837207-1.jpg?resize=488%2C650&amp;ssl=1 488w, https:\/\/i0.wp.com\/www.lavras24horas.com.br\/portal\/wp-content\/uploads\/2026\/04\/jeitosebas_1776872025_3881006248527481873_2374837207-1.jpg?resize=768%2C1024&amp;ssl=1 768w, https:\/\/i0.wp.com\/www.lavras24horas.com.br\/portal\/wp-content\/uploads\/2026\/04\/jeitosebas_1776872025_3881006248527481873_2374837207-1.jpg?resize=1152%2C1536&amp;ssl=1 1152w, https:\/\/i0.wp.com\/www.lavras24horas.com.br\/portal\/wp-content\/uploads\/2026\/04\/jeitosebas_1776872025_3881006248527481873_2374837207-1.jpg?w=1440&amp;ssl=1 1440w\" sizes=\"(max-width: 488px) 100vw, 488px\" \/><\/figure>\n\n\n\n<p>Al\u00e9m das atra\u00e7\u00f5es musicais confirmadas o grupo <strong>Sensia+<\/strong>, a cantora <strong>Babi<\/strong> e o <strong>DJ Juninho<\/strong>, o p\u00fablico poder\u00e1 acompanhar apresenta\u00e7\u00f5es de artistas locais e atividades promovidas por sindicatos e entidades de classe. A programa\u00e7\u00e3o refor\u00e7a pautas importantes, como a defesa de melhores condi\u00e7\u00f5es de trabalho e o combate \u00e0 extenuante jornada 6&#215;1.<\/p>\n\n\n\n<p>A festa \u00e9 organizada por entidades sindicais com apoio institucional e busca celebrar a data valorizando a uni\u00e3o dos trabalhadores lavrenses.<\/p>\n\n\n\n<p>A <strong>Pra\u00e7a dos Trabalhadores<\/strong> \u00e9 um dos poucos espa\u00e7os p\u00fablicos de Minas Gerais com essa denomina\u00e7\u00e3o. O local \u00e9 s\u00edmbolo de homenagem \u00e0 classe trabalhadora da cidade.<\/p>\n\n\n\n<p>A popula\u00e7\u00e3o \u00e9 convidada a comparecer para um dia de celebra\u00e7\u00e3o, cultura e reflex\u00e3o sobre os direitos trabalhistas.<\/p>\n","protected":false},"excerpt":{"rendered":"<p>A tradicional Festa do Trabalhador promete agitar a Pra\u00e7a dos Trabalhadores no pr\u00f3ximo dia 1\u00ba de maio, a partir das 9h. O evento, que celebra o Dia do Trabalhador, une m\u00fasica, lazer e mobiliza\u00e7\u00e3o por direitos trabalhistas, com destaque para a campanha pelo fim da escala 6&#215;1. Al\u00e9m das atra\u00e7\u00f5es musicais confirmadas o grupo Sensia+, [&hellip;]<\/p>\n","protected":false},"author":7,"featured_media":323580,"comment_status":"closed","ping_status":"closed","sticky":false,"template":"","format":"standard","meta":{"advanced_seo_description":"","jetpack_seo_html_title":"","jetpack_seo_noindex":false,"_jetpack_memberships_contains_paid_content":false,"footnotes":""},"categories":[1],"tags":[],"class_list":["post-323579","post","type-post","status-publish","format-standard","has-post-thumbnail","hentry","category-sem-categoria"],"jetpack_featured_media_url":"https:\/\/i0.wp.com\/www.lavras24horas.com.br\/portal\/wp-content\/uploads\/2026\/04\/jeitosebas_1776872025_3881006248527481873_2374837207.jpg?fit=1440%2C1920&ssl=1","jetpack_sharing_enabled":true,"jetpack_likes_enabled":true,"_links":{"self":[{"href":"https:\/\/www.lavras24horas.com.br\/portal\/wp-json\/wp\/v2\/posts\/323579","targetHints":{"allow":["GET"]}}],"collection":[{"href":"https:\/\/www.lavras24horas.com.br\/portal\/wp-json\/wp\/v2\/posts"}],"about":[{"href":"https:\/\/www.lavras24horas.com.br\/portal\/wp-json\/wp\/v2\/types\/post"}],"author":[{"embeddable":true,"href":"https:\/\/www.lavras24horas.com.br\/portal\/wp-json\/wp\/v2\/users\/7"}],"replies":[{"embeddable":true,"href":"https:\/\/www.lavras24horas.com.br\/portal\/wp-json\/wp\/v2\/comments?post=323579"}],"version-history":[{"count":1,"href":"https:\/\/www.lavras24horas.com.br\/portal\/wp-json\/wp\/v2\/posts\/323579\/revisions"}],"predecessor-version":[{"id":323582,"href":"https:\/\/www.lavras24horas.com.br\/portal\/wp-json\/wp\/v2\/posts\/323579\/revisions\/323582"}],"wp:featuredmedia":[{"embeddable":true,"href":"https:\/\/www.lavras24horas.com.br\/portal\/wp-json\/wp\/v2\/media\/323580"}],"wp:attachment":[{"href":"https:\/\/www.lavras24horas.com.br\/portal\/wp-json\/wp\/v2\/media?parent=323579"}],"wp:term":[{"taxonomy":"category","embeddable":true,"href":"https:\/\/www.lavras24horas.com.br\/portal\/wp-json\/wp\/v2\/categories?post=323579"},{"taxonomy":"post_tag","embeddable":true,"href":"https:\/\/www.lavras24horas.com.br\/portal\/wp-json\/wp\/v2\/tags?post=323579"}],"curies":[{"name":"wp","href":"https:\/\/api.w.org\/{rel}","templated":true}]}}