{"id":323562,"date":"2026-04-27T10:30:04","date_gmt":"2026-04-27T13:30:04","guid":{"rendered":"https:\/\/www.lavras24horas.com.br\/portal\/?p=323562"},"modified":"2026-04-27T10:30:46","modified_gmt":"2026-04-27T13:30:46","slug":"justica-por-evellyn-e-tantas-outras-o-grito-contra-o-feminicidio-no-sul-de-minas-2","status":"publish","type":"post","link":"https:\/\/www.lavras24horas.com.br\/portal\/justica-por-evellyn-e-tantas-outras-o-grito-contra-o-feminicidio-no-sul-de-minas-2\/","title":{"rendered":"Justi\u00e7a por Evellyn e tantas outras: O grito contra o feminic\u00eddio no Sul de Minas"},"content":{"rendered":"\n<p>O Sul de Minas Gerais atravessa um dos per\u00edodos mais sombrios de sua hist\u00f3ria recente no que diz respeito \u00e0 viol\u00eancia contra a mulher. Apenas nos dois primeiros meses de 2026, Minas Gerais registrou um aumento de 33% nos casos de feminic\u00eddio em compara\u00e7\u00e3o ao ano anterior, totalizando 32 vidas interrompidas. Na regi\u00e3o sul mineira, a brutalidade dos crimes recentes reacendeu o debate sobre a urg\u00eancia de medidas protetivas mais eficazes e o fim da cultura de posse.<br><br>Entre as ocorr\u00eancias que mais geraram revolta, o caso da jovem Evellyn Cristine Firmino, de apenas 17 anos, tornou-se o s\u00edmbolo de uma trag\u00e9dia que poderia ter sido evitada. Desaparecida em Lavras desde o dia 17 de abril, seu corpo foi encontrado por volunt\u00e1rios quatro dias depois, em uma \u00e1rea de mata. O namorado da adolescente, de 20 anos, confessou o crime \u00e0 pr\u00f3pria m\u00e3e. Investigado pela Pol\u00edcia Civil, o caso revela detalhes perturbadores, como imagens de c\u00e2meras de seguran\u00e7a que mostram a v\u00edtima desacordada sendo transportada em uma motocicleta antes de ser ocultada na zona rural.<br><br>Essa trag\u00e9dia se soma \u00e0 ocorrida em Bom Sucesso, onde uma mulher de 46 anos foi morta a golpes de machado pelo ex-companheiro, mesmo possuindo medida protetiva. Os epis\u00f3dios exp\u00f5em uma falha sistem\u00e1tica: o descumprimento de ordens judiciais e a vulnerabilidade das v\u00edtimas diante de agressores que n\u00e3o aceitam o fim de relacionamentos. No Sul de Minas, o volume de ocorr\u00eancias de viol\u00eancia dom\u00e9stica j\u00e1 havia dado sinais de alerta no final de 2025, e a tend\u00eancia de alta no primeiro trimestre de 2026 exige uma resposta imediata das autoridades e da sociedade.<br><br>A conscientiza\u00e7\u00e3o n\u00e3o pode ser restrita a datas comemorativas. \u00c9 necess\u00e1rio que mulheres aprendam a identificar os primeiros sinais de abuso e que a popula\u00e7\u00e3o denuncie qualquer ind\u00edcio de viol\u00eancia. O sil\u00eancio \u00e9 o maior aliado do agressor. Den\u00fancias podem ser feitas pelo 180 ou 190.<\/p>\n","protected":false},"excerpt":{"rendered":"<p>O Sul de Minas Gerais atravessa um dos per\u00edodos mais sombrios de sua hist\u00f3ria recente no que diz respeito \u00e0 viol\u00eancia contra a mulher. Apenas nos dois primeiros meses de 2026, Minas Gerais registrou um aumento de 33% nos casos de feminic\u00eddio em compara\u00e7\u00e3o ao ano anterior, totalizando 32 vidas interrompidas. Na regi\u00e3o sul mineira, [&hellip;]<\/p>\n","protected":false},"author":20,"featured_media":323559,"comment_status":"closed","ping_status":"closed","sticky":false,"template":"","format":"standard","meta":{"advanced_seo_description":"","jetpack_seo_html_title":"","jetpack_seo_noindex":false,"_jetpack_memberships_contains_paid_content":false,"footnotes":""},"categories":[4],"tags":[],"class_list":["post-323562","post","type-post","status-publish","format-standard","has-post-thumbnail","hentry","category-lavras"],"jetpack_featured_media_url":"https:\/\/i0.wp.com\/www.lavras24horas.com.br\/portal\/wp-content\/uploads\/2026\/04\/IMG_20260426_095152-scaled.jpg?fit=1928%2C2560&ssl=1","jetpack_sharing_enabled":true,"jetpack_likes_enabled":true,"_links":{"self":[{"href":"https:\/\/www.lavras24horas.com.br\/portal\/wp-json\/wp\/v2\/posts\/323562","targetHints":{"allow":["GET"]}}],"collection":[{"href":"https:\/\/www.lavras24horas.com.br\/portal\/wp-json\/wp\/v2\/posts"}],"about":[{"href":"https:\/\/www.lavras24horas.com.br\/portal\/wp-json\/wp\/v2\/types\/post"}],"author":[{"embeddable":true,"href":"https:\/\/www.lavras24horas.com.br\/portal\/wp-json\/wp\/v2\/users\/20"}],"replies":[{"embeddable":true,"href":"https:\/\/www.lavras24horas.com.br\/portal\/wp-json\/wp\/v2\/comments?post=323562"}],"version-history":[{"count":1,"href":"https:\/\/www.lavras24horas.com.br\/portal\/wp-json\/wp\/v2\/posts\/323562\/revisions"}],"predecessor-version":[{"id":323563,"href":"https:\/\/www.lavras24horas.com.br\/portal\/wp-json\/wp\/v2\/posts\/323562\/revisions\/323563"}],"wp:featuredmedia":[{"embeddable":true,"href":"https:\/\/www.lavras24horas.com.br\/portal\/wp-json\/wp\/v2\/media\/323559"}],"wp:attachment":[{"href":"https:\/\/www.lavras24horas.com.br\/portal\/wp-json\/wp\/v2\/media?parent=323562"}],"wp:term":[{"taxonomy":"category","embeddable":true,"href":"https:\/\/www.lavras24horas.com.br\/portal\/wp-json\/wp\/v2\/categories?post=323562"},{"taxonomy":"post_tag","embeddable":true,"href":"https:\/\/www.lavras24horas.com.br\/portal\/wp-json\/wp\/v2\/tags?post=323562"}],"curies":[{"name":"wp","href":"https:\/\/api.w.org\/{rel}","templated":true}]}}