{"id":323551,"date":"2026-04-26T19:38:25","date_gmt":"2026-04-26T22:38:25","guid":{"rendered":"https:\/\/www.lavras24horas.com.br\/portal\/?p=323551"},"modified":"2026-04-26T19:38:33","modified_gmt":"2026-04-26T22:38:33","slug":"o-legado-eterno-de-dona-mirandolina-e-sua-vida-dedicada-ao-acolhimento-em-lavras","status":"publish","type":"post","link":"https:\/\/www.lavras24horas.com.br\/portal\/o-legado-eterno-de-dona-mirandolina-e-sua-vida-dedicada-ao-acolhimento-em-lavras\/","title":{"rendered":"O legado eterno de Dona Mirandolina e sua vida dedicada ao acolhimento em Lavras"},"content":{"rendered":"\n<p>A cidade de Lavras se despede hoje de Dona Mirandolina, uma das maiores refer\u00eancias de altru\u00edsmo e benevol\u00eancia da regi\u00e3o. Por d\u00e9cadas, ela foi o pilar de sustenta\u00e7\u00e3o para in\u00fameras crian\u00e7as, transformando sua pr\u00f3pria vida em um ref\u00fagio de prote\u00e7\u00e3o e carinho para aqueles que mais precisavam. Sua atua\u00e7\u00e3o na assist\u00eancia social tornou-se um exemplo raro de dedica\u00e7\u00e3o incondicional ao pr\u00f3ximo.<\/p>\n\n\n\n<figure class=\"wp-block-gallery has-nested-images columns-default is-cropped wp-block-gallery-1 is-layout-flex wp-block-gallery-is-layout-flex\">\n<figure class=\"wp-block-image\"><img data-recalc-dims=\"1\" fetchpriority=\"high\" decoding=\"async\" width=\"800\" height=\"600\" data-attachment-id=\"323549\" data-permalink=\"https:\/\/www.lavras24horas.com.br\/portal\/img_20260426_1935277202069249873276061-jpg\/\" data-orig-file=\"https:\/\/i0.wp.com\/www.lavras24horas.com.br\/portal\/wp-content\/uploads\/2026\/04\/img_20260426_1935277202069249873276061.jpg?fit=1000%2C750&amp;ssl=1\" data-orig-size=\"1000,750\" data-comments-opened=\"0\" data-image-meta=\"{&quot;aperture&quot;:&quot;0&quot;,&quot;credit&quot;:&quot;&quot;,&quot;camera&quot;:&quot;&quot;,&quot;caption&quot;:&quot;&quot;,&quot;created_timestamp&quot;:&quot;0&quot;,&quot;copyright&quot;:&quot;&quot;,&quot;focal_length&quot;:&quot;0&quot;,&quot;iso&quot;:&quot;0&quot;,&quot;shutter_speed&quot;:&quot;0&quot;,&quot;title&quot;:&quot;&quot;,&quot;orientation&quot;:&quot;1&quot;}\" data-image-title=\"img_20260426_1935277202069249873276061.jpg\" data-image-description=\"\" data-image-caption=\"\" data-large-file=\"https:\/\/i0.wp.com\/www.lavras24horas.com.br\/portal\/wp-content\/uploads\/2026\/04\/img_20260426_1935277202069249873276061.jpg?fit=800%2C600&amp;ssl=1\" data-id=\"323549\" src=\"https:\/\/i0.wp.com\/www.lavras24horas.com.br\/portal\/wp-content\/uploads\/2026\/04\/img_20260426_1935277202069249873276061.jpg?resize=800%2C600&#038;ssl=1\" alt=\"\" class=\"wp-image-323549\" srcset=\"https:\/\/i0.wp.com\/www.lavras24horas.com.br\/portal\/wp-content\/uploads\/2026\/04\/img_20260426_1935277202069249873276061.jpg?resize=867%2C650&amp;ssl=1 867w, https:\/\/i0.wp.com\/www.lavras24horas.com.br\/portal\/wp-content\/uploads\/2026\/04\/img_20260426_1935277202069249873276061.jpg?resize=200%2C150&amp;ssl=1 200w, https:\/\/i0.wp.com\/www.lavras24horas.com.br\/portal\/wp-content\/uploads\/2026\/04\/img_20260426_1935277202069249873276061.jpg?resize=768%2C576&amp;ssl=1 768w, https:\/\/i0.wp.com\/www.lavras24horas.com.br\/portal\/wp-content\/uploads\/2026\/04\/img_20260426_1935277202069249873276061.jpg?w=1000&amp;ssl=1 1000w\" sizes=\"(max-width: 800px) 100vw, 800px\" \/><\/figure>\n\n\n\n<figure class=\"wp-block-image\"><img data-recalc-dims=\"1\" decoding=\"async\" width=\"800\" height=\"600\" data-attachment-id=\"323550\" data-permalink=\"https:\/\/www.lavras24horas.com.br\/portal\/lavrasonline-20260426-000139514018829845711-jpg\/\" data-orig-file=\"https:\/\/i0.wp.com\/www.lavras24horas.com.br\/portal\/wp-content\/uploads\/2026\/04\/lavrasonline-20260426-000139514018829845711.jpg?fit=1000%2C750&amp;ssl=1\" data-orig-size=\"1000,750\" data-comments-opened=\"0\" data-image-meta=\"{&quot;aperture&quot;:&quot;0&quot;,&quot;credit&quot;:&quot;&quot;,&quot;camera&quot;:&quot;&quot;,&quot;caption&quot;:&quot;&quot;,&quot;created_timestamp&quot;:&quot;0&quot;,&quot;copyright&quot;:&quot;&quot;,&quot;focal_length&quot;:&quot;0&quot;,&quot;iso&quot;:&quot;0&quot;,&quot;shutter_speed&quot;:&quot;0&quot;,&quot;title&quot;:&quot;&quot;,&quot;orientation&quot;:&quot;1&quot;}\" data-image-title=\"lavrasonline-20260426-000139514018829845711.jpg\" data-image-description=\"\" data-image-caption=\"\" data-large-file=\"https:\/\/i0.wp.com\/www.lavras24horas.com.br\/portal\/wp-content\/uploads\/2026\/04\/lavrasonline-20260426-000139514018829845711.jpg?fit=800%2C600&amp;ssl=1\" data-id=\"323550\" src=\"https:\/\/i0.wp.com\/www.lavras24horas.com.br\/portal\/wp-content\/uploads\/2026\/04\/lavrasonline-20260426-000139514018829845711.jpg?resize=800%2C600&#038;ssl=1\" alt=\"\" class=\"wp-image-323550\" srcset=\"https:\/\/i0.wp.com\/www.lavras24horas.com.br\/portal\/wp-content\/uploads\/2026\/04\/lavrasonline-20260426-000139514018829845711.jpg?resize=867%2C650&amp;ssl=1 867w, https:\/\/i0.wp.com\/www.lavras24horas.com.br\/portal\/wp-content\/uploads\/2026\/04\/lavrasonline-20260426-000139514018829845711.jpg?resize=200%2C150&amp;ssl=1 200w, https:\/\/i0.wp.com\/www.lavras24horas.com.br\/portal\/wp-content\/uploads\/2026\/04\/lavrasonline-20260426-000139514018829845711.jpg?resize=768%2C576&amp;ssl=1 768w, https:\/\/i0.wp.com\/www.lavras24horas.com.br\/portal\/wp-content\/uploads\/2026\/04\/lavrasonline-20260426-000139514018829845711.jpg?w=1000&amp;ssl=1 1000w\" sizes=\"(max-width: 800px) 100vw, 800px\" \/><\/figure>\n<\/figure>\n\n\n\n<p><br><br>Dona Mirandolina n\u00e3o apenas ofereceu abrigo; ela ofereceu dignidade e esperan\u00e7a. Atrav\u00e9s de seu trabalho humanit\u00e1rio, moldou o car\u00e1ter de gera\u00e7\u00f5es e deixou uma marca indel\u00e9vel na hist\u00f3ria da comunidade lavrense. Seu compromisso com o bem-estar coletivo fez dela uma figura respeitada e amada, cujo impacto social \u00e9 imposs\u00edvel de mensurar apenas com palavras.<br><br>A partida desta grande benfeitora deixa um vazio imenso, mas sua trajet\u00f3ria permanece como um farol para futuras a\u00e7\u00f5es de solidariedade. Lavras agradece imensamente por sua exist\u00eancia e garante que sua hist\u00f3ria jamais ser\u00e1 esquecida.<\/p>\n","protected":false},"excerpt":{"rendered":"<p>A cidade de Lavras se despede hoje de Dona Mirandolina, uma das maiores refer\u00eancias de altru\u00edsmo e benevol\u00eancia da regi\u00e3o. Por d\u00e9cadas, ela foi o pilar de sustenta\u00e7\u00e3o para in\u00fameras crian\u00e7as, transformando sua pr\u00f3pria vida em um ref\u00fagio de prote\u00e7\u00e3o e carinho para aqueles que mais precisavam. Sua atua\u00e7\u00e3o na assist\u00eancia social tornou-se um exemplo [&hellip;]<\/p>\n","protected":false},"author":20,"featured_media":323548,"comment_status":"closed","ping_status":"closed","sticky":false,"template":"","format":"standard","meta":{"advanced_seo_description":"","jetpack_seo_html_title":"","jetpack_seo_noindex":false,"_jetpack_memberships_contains_paid_content":false,"footnotes":""},"categories":[4],"tags":[],"class_list":["post-323551","post","type-post","status-publish","format-standard","has-post-thumbnail","hentry","category-lavras"],"jetpack_featured_media_url":"https:\/\/i0.wp.com\/www.lavras24horas.com.br\/portal\/wp-content\/uploads\/2026\/04\/IMG_20260426_193527.jpg?fit=1080%2C810&ssl=1","jetpack_sharing_enabled":true,"jetpack_likes_enabled":true,"_links":{"self":[{"href":"https:\/\/www.lavras24horas.com.br\/portal\/wp-json\/wp\/v2\/posts\/323551","targetHints":{"allow":["GET"]}}],"collection":[{"href":"https:\/\/www.lavras24horas.com.br\/portal\/wp-json\/wp\/v2\/posts"}],"about":[{"href":"https:\/\/www.lavras24horas.com.br\/portal\/wp-json\/wp\/v2\/types\/post"}],"author":[{"embeddable":true,"href":"https:\/\/www.lavras24horas.com.br\/portal\/wp-json\/wp\/v2\/users\/20"}],"replies":[{"embeddable":true,"href":"https:\/\/www.lavras24horas.com.br\/portal\/wp-json\/wp\/v2\/comments?post=323551"}],"version-history":[{"count":1,"href":"https:\/\/www.lavras24horas.com.br\/portal\/wp-json\/wp\/v2\/posts\/323551\/revisions"}],"predecessor-version":[{"id":323552,"href":"https:\/\/www.lavras24horas.com.br\/portal\/wp-json\/wp\/v2\/posts\/323551\/revisions\/323552"}],"wp:featuredmedia":[{"embeddable":true,"href":"https:\/\/www.lavras24horas.com.br\/portal\/wp-json\/wp\/v2\/media\/323548"}],"wp:attachment":[{"href":"https:\/\/www.lavras24horas.com.br\/portal\/wp-json\/wp\/v2\/media?parent=323551"}],"wp:term":[{"taxonomy":"category","embeddable":true,"href":"https:\/\/www.lavras24horas.com.br\/portal\/wp-json\/wp\/v2\/categories?post=323551"},{"taxonomy":"post_tag","embeddable":true,"href":"https:\/\/www.lavras24horas.com.br\/portal\/wp-json\/wp\/v2\/tags?post=323551"}],"curies":[{"name":"wp","href":"https:\/\/api.w.org\/{rel}","templated":true}]}}