{"id":323544,"date":"2026-04-26T17:37:17","date_gmt":"2026-04-26T20:37:17","guid":{"rendered":"https:\/\/www.lavras24horas.com.br\/portal\/?p=323544"},"modified":"2026-04-26T17:37:17","modified_gmt":"2026-04-26T20:37:17","slug":"calor-e-ar-seco-lavras-deve-registrar-temperaturas-acima-de-28c-e-umidade-critica-nos-proximos-dias","status":"publish","type":"post","link":"https:\/\/www.lavras24horas.com.br\/portal\/calor-e-ar-seco-lavras-deve-registrar-temperaturas-acima-de-28c-e-umidade-critica-nos-proximos-dias\/","title":{"rendered":"Calor e ar seco : Lavras deve registrar temperaturas acima de 28\u00b0C e umidade cr\u00edtica nos pr\u00f3ximos dias"},"content":{"rendered":"\n<p>Lavras e toda a regi\u00e3o Sul de Minas Gerais devem enfrentar, a partir deste s\u00e1bado (25), um per\u00edodo de calor e ar seco, segundo alerta do Centro de Intelig\u00eancia em Defesa Civil (Cindec).<\/p>\n\n\n\n<p>Embora as temperaturas m\u00e1ximas n\u00e3o alcancem os 34\u00b0C previstos para o Tri\u00e2ngulo Mineiro e o Oeste do estado, Lavras deve registrar marcas entre <strong>26\u00b0C e 29\u00b0C<\/strong> durante a semana, com sensa\u00e7\u00e3o t\u00e9rmica ainda mais elevada devido \u00e0 baixa umidade relativa do ar, que pode cair abaixo de 50% em v\u00e1rios hor\u00e1rios.<\/p>\n\n\n\n<p>O ar seco predomina na regi\u00e3o, com chuvas fracas ou isoladas apenas em pontos espec\u00edficos. O cen\u00e1rio aumenta o risco de inc\u00eandios florestais e o desconforto, principalmente para crian\u00e7as, idosos e pessoas com problemas respirat\u00f3rios.<\/p>\n\n\n\n<p>A Defesa Civil recomenda hidrata\u00e7\u00e3o constante, uso de umidificadores em ambientes fechados e extrema cautela com fogo em \u00e1reas rurais. O tempo seco deve persistir at\u00e9 o in\u00edcio de maio.<\/p>\n","protected":false},"excerpt":{"rendered":"<p>Lavras e toda a regi\u00e3o Sul de Minas Gerais devem enfrentar, a partir deste s\u00e1bado (25), um per\u00edodo de calor e ar seco, segundo alerta do Centro de Intelig\u00eancia em Defesa Civil (Cindec). Embora as temperaturas m\u00e1ximas n\u00e3o alcancem os 34\u00b0C previstos para o Tri\u00e2ngulo Mineiro e o Oeste do estado, Lavras deve registrar marcas [&hellip;]<\/p>\n","protected":false},"author":7,"featured_media":323543,"comment_status":"closed","ping_status":"closed","sticky":false,"template":"","format":"standard","meta":{"advanced_seo_description":"","jetpack_seo_html_title":"","jetpack_seo_noindex":false,"_jetpack_memberships_contains_paid_content":false,"footnotes":""},"categories":[4],"tags":[],"class_list":["post-323544","post","type-post","status-publish","format-standard","has-post-thumbnail","hentry","category-lavras"],"jetpack_featured_media_url":"https:\/\/i0.wp.com\/www.lavras24horas.com.br\/portal\/wp-content\/uploads\/2026\/04\/img_9843.jpg?fit=1000%2C750&ssl=1","jetpack_sharing_enabled":true,"jetpack_likes_enabled":true,"_links":{"self":[{"href":"https:\/\/www.lavras24horas.com.br\/portal\/wp-json\/wp\/v2\/posts\/323544","targetHints":{"allow":["GET"]}}],"collection":[{"href":"https:\/\/www.lavras24horas.com.br\/portal\/wp-json\/wp\/v2\/posts"}],"about":[{"href":"https:\/\/www.lavras24horas.com.br\/portal\/wp-json\/wp\/v2\/types\/post"}],"author":[{"embeddable":true,"href":"https:\/\/www.lavras24horas.com.br\/portal\/wp-json\/wp\/v2\/users\/7"}],"replies":[{"embeddable":true,"href":"https:\/\/www.lavras24horas.com.br\/portal\/wp-json\/wp\/v2\/comments?post=323544"}],"version-history":[{"count":1,"href":"https:\/\/www.lavras24horas.com.br\/portal\/wp-json\/wp\/v2\/posts\/323544\/revisions"}],"predecessor-version":[{"id":323545,"href":"https:\/\/www.lavras24horas.com.br\/portal\/wp-json\/wp\/v2\/posts\/323544\/revisions\/323545"}],"wp:featuredmedia":[{"embeddable":true,"href":"https:\/\/www.lavras24horas.com.br\/portal\/wp-json\/wp\/v2\/media\/323543"}],"wp:attachment":[{"href":"https:\/\/www.lavras24horas.com.br\/portal\/wp-json\/wp\/v2\/media?parent=323544"}],"wp:term":[{"taxonomy":"category","embeddable":true,"href":"https:\/\/www.lavras24horas.com.br\/portal\/wp-json\/wp\/v2\/categories?post=323544"},{"taxonomy":"post_tag","embeddable":true,"href":"https:\/\/www.lavras24horas.com.br\/portal\/wp-json\/wp\/v2\/tags?post=323544"}],"curies":[{"name":"wp","href":"https:\/\/api.w.org\/{rel}","templated":true}]}}