{"id":323539,"date":"2026-04-26T15:14:29","date_gmt":"2026-04-26T18:14:29","guid":{"rendered":"https:\/\/www.lavras24horas.com.br\/portal\/?p=323539"},"modified":"2026-04-26T15:14:32","modified_gmt":"2026-04-26T18:14:32","slug":"apos-boatos-levantados-por-jornal-local-prefeitura-apresenta-informacoes-sobre-combate-a-dengue-em-lavras","status":"publish","type":"post","link":"https:\/\/www.lavras24horas.com.br\/portal\/apos-boatos-levantados-por-jornal-local-prefeitura-apresenta-informacoes-sobre-combate-a-dengue-em-lavras\/","title":{"rendered":"Ap\u00f3s boatos levantados por jornal local, Prefeitura apresenta informa\u00e7\u00f5es sobre combate \u00e0 dengue em Lavras"},"content":{"rendered":"\n<p>A Prefeitura de Lavras divulgou uma nota oficial para contestar informa\u00e7\u00f5es publicadas por um jornal local sobre a situa\u00e7\u00e3o do combate \u00e0 dengue no munic\u00edpio. Segundo a administra\u00e7\u00e3o, a mat\u00e9ria apresentou dados equivocados ao sugerir aus\u00eancia de monitoramento adequado, al\u00e9m de indicar um cen\u00e1rio de alto risco sem considerar os m\u00e9todos atualmente utilizados.<br><br>De acordo com a Prefeitura, Lavras conta com um sistema ativo, moderno e cont\u00ednuo de vigil\u00e2ncia do mosquito transmissor da dengue, o Aedes aegypti. A principal estrat\u00e9gia adotada \u00e9 o uso de ovitrampas, armadilhas instaladas em pontos estrat\u00e9gicos da cidade e monitoradas semanalmente, permitindo a coleta de dados praticamente em tempo real.<br><br>Atualmente, o munic\u00edpio possui 141 ovitrampas distribu\u00eddas, cobrindo mais de 70% da \u00e1rea urbana. Esse modelo, segundo a nota, garante maior precis\u00e3o na identifica\u00e7\u00e3o de \u00e1reas de risco e possibilita a\u00e7\u00f5es mais r\u00e1pidas e eficazes no controle do mosquito.<br><br>A Prefeitura tamb\u00e9m esclareceu que o indicador citado na mat\u00e9ria se refere ao LIRAa (Levantamento R\u00e1pido de \u00cdndices para Aedes aegypti), realizado apenas quatro vezes ao ano e com cobertura amostral de cerca de 5% dos im\u00f3veis. Por se tratar de um recorte pontual, o levantamento n\u00e3o reflete integralmente a realidade do monitoramento cont\u00ednuo adotado no munic\u00edpio.<br><br>Diante disso, a administra\u00e7\u00e3o municipal afirma que a alega\u00e7\u00e3o de que Lavras estaria \u201csem dados\u201d desconsidera o modelo t\u00e9cnico empregado e pode induzir a popula\u00e7\u00e3o a interpreta\u00e7\u00f5es equivocadas.<br><br>Por fim, a Prefeitura refor\u00e7ou o compromisso com a transpar\u00eancia na divulga\u00e7\u00e3o de informa\u00e7\u00f5es e destacou que mant\u00e9m a\u00e7\u00f5es permanentes de vigil\u00e2ncia e combate \u00e0 dengue, visando a prote\u00e7\u00e3o da sa\u00fade p\u00fablica.<\/p>\n","protected":false},"excerpt":{"rendered":"<p>A Prefeitura de Lavras divulgou uma nota oficial para contestar informa\u00e7\u00f5es publicadas por um jornal local sobre a situa\u00e7\u00e3o do combate \u00e0 dengue no munic\u00edpio. Segundo a administra\u00e7\u00e3o, a mat\u00e9ria apresentou dados equivocados ao sugerir aus\u00eancia de monitoramento adequado, al\u00e9m de indicar um cen\u00e1rio de alto risco sem considerar os m\u00e9todos atualmente utilizados. De acordo [&hellip;]<\/p>\n","protected":false},"author":20,"featured_media":323538,"comment_status":"closed","ping_status":"closed","sticky":false,"template":"","format":"standard","meta":{"advanced_seo_description":"","jetpack_seo_html_title":"","jetpack_seo_noindex":false,"_jetpack_memberships_contains_paid_content":false,"footnotes":""},"categories":[4],"tags":[],"class_list":["post-323539","post","type-post","status-publish","format-standard","has-post-thumbnail","hentry","category-lavras"],"jetpack_featured_media_url":"https:\/\/i0.wp.com\/www.lavras24horas.com.br\/portal\/wp-content\/uploads\/2026\/04\/20240403_155608_4.50-capas-blog-abr2024-01.png?fit=1920%2C1080&ssl=1","jetpack_sharing_enabled":true,"jetpack_likes_enabled":true,"_links":{"self":[{"href":"https:\/\/www.lavras24horas.com.br\/portal\/wp-json\/wp\/v2\/posts\/323539","targetHints":{"allow":["GET"]}}],"collection":[{"href":"https:\/\/www.lavras24horas.com.br\/portal\/wp-json\/wp\/v2\/posts"}],"about":[{"href":"https:\/\/www.lavras24horas.com.br\/portal\/wp-json\/wp\/v2\/types\/post"}],"author":[{"embeddable":true,"href":"https:\/\/www.lavras24horas.com.br\/portal\/wp-json\/wp\/v2\/users\/20"}],"replies":[{"embeddable":true,"href":"https:\/\/www.lavras24horas.com.br\/portal\/wp-json\/wp\/v2\/comments?post=323539"}],"version-history":[{"count":1,"href":"https:\/\/www.lavras24horas.com.br\/portal\/wp-json\/wp\/v2\/posts\/323539\/revisions"}],"predecessor-version":[{"id":323540,"href":"https:\/\/www.lavras24horas.com.br\/portal\/wp-json\/wp\/v2\/posts\/323539\/revisions\/323540"}],"wp:featuredmedia":[{"embeddable":true,"href":"https:\/\/www.lavras24horas.com.br\/portal\/wp-json\/wp\/v2\/media\/323538"}],"wp:attachment":[{"href":"https:\/\/www.lavras24horas.com.br\/portal\/wp-json\/wp\/v2\/media?parent=323539"}],"wp:term":[{"taxonomy":"category","embeddable":true,"href":"https:\/\/www.lavras24horas.com.br\/portal\/wp-json\/wp\/v2\/categories?post=323539"},{"taxonomy":"post_tag","embeddable":true,"href":"https:\/\/www.lavras24horas.com.br\/portal\/wp-json\/wp\/v2\/tags?post=323539"}],"curies":[{"name":"wp","href":"https:\/\/api.w.org\/{rel}","templated":true}]}}