{"id":323344,"date":"2026-04-23T20:37:38","date_gmt":"2026-04-23T23:37:38","guid":{"rendered":"https:\/\/www.lavras24horas.com.br\/portal\/?p=323344"},"modified":"2026-04-23T20:40:07","modified_gmt":"2026-04-23T23:40:07","slug":"disputa-inesperada-mexico-tenta-adotar-vira-lata-caramelo-e-irrita-brasileiros","status":"publish","type":"post","link":"https:\/\/www.lavras24horas.com.br\/portal\/disputa-inesperada-mexico-tenta-adotar-vira-lata-caramelo-e-irrita-brasileiros\/","title":{"rendered":"Disputa inesperada: M\u00e9xico tenta \u201cadotar\u201d vira-lata caramelo e irrita brasileiros"},"content":{"rendered":"\n<p>Uma declara\u00e7\u00e3o inusitada envolvendo identidade cultural e at\u00e9 \u201cpatrim\u00f4nio afetivo\u201d movimentou as redes sociais nesta semana. Autoridades e perfis ligados ao governo do M\u00e9xico passaram a afirmar que o tradicional cachorro sem ra\u00e7a definida de pelagem caramelo teria origem no territ\u00f3rio mexicano, o que rapidamente provocou indigna\u00e7\u00e3o entre brasileiros.<br>\u2800<br>No Brasil, o chamado \u201cvira-lata caramelo\u201d virou s\u00edmbolo nacional n\u00e3o oficial. Presente em memes, campanhas publicit\u00e1rias e at\u00e9 propostas simb\u00f3licas de c\u00e9dulas e mascotes, o animal \u00e9 visto como representa\u00e7\u00e3o da cultura popular e da mistura que caracteriza o pa\u00eds.<br>\u2800<br>A repercuss\u00e3o foi imediata. Internautas brasileiros reagiram com ironia, cr\u00edticas e uma enxurrada de coment\u00e1rios defendendo que o caramelo \u00e9, acima de tudo, um \u00edcone genuinamente brasileiro. Especialistas lembram que c\u00e3es sem ra\u00e7a definida existem em v\u00e1rios pa\u00edses, mas o apego cultural ao \u201ccaramelo\u201d \u00e9 algo muito particular do Brasil.<br>\u2800<br>O epis\u00f3dio reacende debates sobre identidade, apropria\u00e7\u00e3o cultural e at\u00e9 nacionalismo digital, mostrando como at\u00e9 temas aparentemente leves podem ganhar grande propor\u00e7\u00e3o na internet.<br>\u2800<br>E voc\u00ea, acha que o vira-lata caramelo tem \u201cnacionalidade\u201d ou j\u00e1 virou patrim\u00f4nio afetivo do Brasil? Comente sua opini\u00e3o.<\/p>\n","protected":false},"excerpt":{"rendered":"<p>Uma declara\u00e7\u00e3o inusitada envolvendo identidade cultural e at\u00e9 \u201cpatrim\u00f4nio afetivo\u201d movimentou as redes sociais nesta semana. Autoridades e perfis ligados ao governo do M\u00e9xico passaram a afirmar que o tradicional cachorro sem ra\u00e7a definida de pelagem caramelo teria origem no territ\u00f3rio mexicano, o que rapidamente provocou indigna\u00e7\u00e3o entre brasileiros.\u2800No Brasil, o chamado \u201cvira-lata caramelo\u201d virou [&hellip;]<\/p>\n","protected":false},"author":20,"featured_media":323343,"comment_status":"closed","ping_status":"closed","sticky":false,"template":"","format":"standard","meta":{"advanced_seo_description":"","jetpack_seo_html_title":"","jetpack_seo_noindex":false,"_jetpack_memberships_contains_paid_content":false,"footnotes":""},"categories":[31047],"tags":[],"class_list":["post-323344","post","type-post","status-publish","format-standard","has-post-thumbnail","hentry","category-brasil"],"jetpack_featured_media_url":"https:\/\/i0.wp.com\/www.lavras24horas.com.br\/portal\/wp-content\/uploads\/2026\/04\/WhatsApp-Image-2020-08-07-at-11.35.47.jpeg?fit=658%2C638&ssl=1","jetpack_sharing_enabled":true,"jetpack_likes_enabled":true,"_links":{"self":[{"href":"https:\/\/www.lavras24horas.com.br\/portal\/wp-json\/wp\/v2\/posts\/323344","targetHints":{"allow":["GET"]}}],"collection":[{"href":"https:\/\/www.lavras24horas.com.br\/portal\/wp-json\/wp\/v2\/posts"}],"about":[{"href":"https:\/\/www.lavras24horas.com.br\/portal\/wp-json\/wp\/v2\/types\/post"}],"author":[{"embeddable":true,"href":"https:\/\/www.lavras24horas.com.br\/portal\/wp-json\/wp\/v2\/users\/20"}],"replies":[{"embeddable":true,"href":"https:\/\/www.lavras24horas.com.br\/portal\/wp-json\/wp\/v2\/comments?post=323344"}],"version-history":[{"count":1,"href":"https:\/\/www.lavras24horas.com.br\/portal\/wp-json\/wp\/v2\/posts\/323344\/revisions"}],"predecessor-version":[{"id":323345,"href":"https:\/\/www.lavras24horas.com.br\/portal\/wp-json\/wp\/v2\/posts\/323344\/revisions\/323345"}],"wp:featuredmedia":[{"embeddable":true,"href":"https:\/\/www.lavras24horas.com.br\/portal\/wp-json\/wp\/v2\/media\/323343"}],"wp:attachment":[{"href":"https:\/\/www.lavras24horas.com.br\/portal\/wp-json\/wp\/v2\/media?parent=323344"}],"wp:term":[{"taxonomy":"category","embeddable":true,"href":"https:\/\/www.lavras24horas.com.br\/portal\/wp-json\/wp\/v2\/categories?post=323344"},{"taxonomy":"post_tag","embeddable":true,"href":"https:\/\/www.lavras24horas.com.br\/portal\/wp-json\/wp\/v2\/tags?post=323344"}],"curies":[{"name":"wp","href":"https:\/\/api.w.org\/{rel}","templated":true}]}}