{"id":323222,"date":"2026-04-22T09:53:14","date_gmt":"2026-04-22T12:53:14","guid":{"rendered":"https:\/\/www.lavras24horas.com.br\/portal\/?p=323222"},"modified":"2026-04-22T09:53:18","modified_gmt":"2026-04-22T12:53:18","slug":"acidente-com-carreta-mobiliza-bombeiros-e-interdita-trecho-da-br-381-em-caete","status":"publish","type":"post","link":"https:\/\/www.lavras24horas.com.br\/portal\/acidente-com-carreta-mobiliza-bombeiros-e-interdita-trecho-da-br-381-em-caete\/","title":{"rendered":"Acidente com carreta mobiliza bombeiros e interdita trecho da BR-381 em Caet\u00e9"},"content":{"rendered":"\n<p>Uma carreta tombou e foi completamente consumida pelo fogo na manh\u00e3 desta quarta-feira (22), em um grave acidente ocorrido na BR-381. O fato aconteceu nas proximidades do trecho conhecido como &#8220;S das Bananas&#8221;, no munic\u00edpio de Caet\u00e9, Minas Gerais.<\/p>\n\n\n\n<figure class=\"wp-block-video\"><video height=\"1350\" style=\"aspect-ratio: 1080 \/ 1350;\" width=\"1080\" controls src=\"https:\/\/www.lavras24horas.com.br\/portal\/wp-content\/uploads\/2026\/04\/MARCA-DAGUA_20260422_095059_0000.mp4\"><\/video><\/figure>\n\n\n\n<p><br><br>Informa\u00e7\u00f5es preliminares apontam que o ve\u00edculo teria invadido a contram\u00e3o de dire\u00e7\u00e3o antes de tombar, bloqueando parcialmente a pista. Logo ap\u00f3s o impacto, o ve\u00edculo foi tomado pelas chamas, o que exigiu uma mobiliza\u00e7\u00e3o r\u00e1pida das equipes de emerg\u00eancia para evitar que o inc\u00eandio se propagasse.<br><br>O Corpo de Bombeiros confirmou que duas pessoas estavam no interior do ve\u00edculo no momento do acidente. As v\u00edtimas receberam os primeiros atendimentos das equipes de resgate da concession\u00e1ria que administra a rodovia. Para conter o inc\u00eandio, um caminh\u00e3o-pipa de uma empresa local foi enviado para dar suporte ao trabalho dos bombeiros no controle das chamas e na limpeza da via.<br><br>Devido ao tombamento e ao trabalho de rescaldo, o tr\u00e2nsito no local permanece parcialmente interditado. As autoridades recomendam que os motoristas que trafegam pela regi\u00e3o redobrem a aten\u00e7\u00e3o e, se poss\u00edvel, busquem rotas alternativas para evitar congestionamentos. A ocorr\u00eancia segue em andamento, e novos detalhes sobre o estado de sa\u00fade das v\u00edtimas e as causas do acidente podem ser divulgados a qualquer momento.<\/p>\n","protected":false},"excerpt":{"rendered":"<p>Uma carreta tombou e foi completamente consumida pelo fogo na manh\u00e3 desta quarta-feira (22), em um grave acidente ocorrido na BR-381. O fato aconteceu nas proximidades do trecho conhecido como &#8220;S das Bananas&#8221;, no munic\u00edpio de Caet\u00e9, Minas Gerais. Informa\u00e7\u00f5es preliminares apontam que o ve\u00edculo teria invadido a contram\u00e3o de dire\u00e7\u00e3o antes de tombar, bloqueando [&hellip;]<\/p>\n","protected":false},"author":20,"featured_media":323220,"comment_status":"closed","ping_status":"closed","sticky":false,"template":"","format":"standard","meta":{"advanced_seo_description":"","jetpack_seo_html_title":"","jetpack_seo_noindex":false,"_jetpack_memberships_contains_paid_content":false,"footnotes":""},"categories":[79],"tags":[],"class_list":["post-323222","post","type-post","status-publish","format-standard","has-post-thumbnail","hentry","category-regiao"],"jetpack_featured_media_url":"https:\/\/i0.wp.com\/www.lavras24horas.com.br\/portal\/wp-content\/uploads\/2026\/04\/Screenshot_2026-04-22-09-52-32-578_com.miui_.gallery.png?fit=1071%2C1116&ssl=1","jetpack_sharing_enabled":true,"jetpack_likes_enabled":true,"_links":{"self":[{"href":"https:\/\/www.lavras24horas.com.br\/portal\/wp-json\/wp\/v2\/posts\/323222","targetHints":{"allow":["GET"]}}],"collection":[{"href":"https:\/\/www.lavras24horas.com.br\/portal\/wp-json\/wp\/v2\/posts"}],"about":[{"href":"https:\/\/www.lavras24horas.com.br\/portal\/wp-json\/wp\/v2\/types\/post"}],"author":[{"embeddable":true,"href":"https:\/\/www.lavras24horas.com.br\/portal\/wp-json\/wp\/v2\/users\/20"}],"replies":[{"embeddable":true,"href":"https:\/\/www.lavras24horas.com.br\/portal\/wp-json\/wp\/v2\/comments?post=323222"}],"version-history":[{"count":1,"href":"https:\/\/www.lavras24horas.com.br\/portal\/wp-json\/wp\/v2\/posts\/323222\/revisions"}],"predecessor-version":[{"id":323223,"href":"https:\/\/www.lavras24horas.com.br\/portal\/wp-json\/wp\/v2\/posts\/323222\/revisions\/323223"}],"wp:featuredmedia":[{"embeddable":true,"href":"https:\/\/www.lavras24horas.com.br\/portal\/wp-json\/wp\/v2\/media\/323220"}],"wp:attachment":[{"href":"https:\/\/www.lavras24horas.com.br\/portal\/wp-json\/wp\/v2\/media?parent=323222"}],"wp:term":[{"taxonomy":"category","embeddable":true,"href":"https:\/\/www.lavras24horas.com.br\/portal\/wp-json\/wp\/v2\/categories?post=323222"},{"taxonomy":"post_tag","embeddable":true,"href":"https:\/\/www.lavras24horas.com.br\/portal\/wp-json\/wp\/v2\/tags?post=323222"}],"curies":[{"name":"wp","href":"https:\/\/api.w.org\/{rel}","templated":true}]}}