{"id":323104,"date":"2026-04-19T22:29:29","date_gmt":"2026-04-20T01:29:29","guid":{"rendered":"https:\/\/www.lavras24horas.com.br\/portal\/?p=323104"},"modified":"2026-04-19T22:29:29","modified_gmt":"2026-04-20T01:29:29","slug":"apos-cobranca-do-lavras24horas-por-divergencias-pm-divulga-nova-nota-sobre-caso-de-adolescente-desaparecida-em-lavras","status":"publish","type":"post","link":"https:\/\/www.lavras24horas.com.br\/portal\/apos-cobranca-do-lavras24horas-por-divergencias-pm-divulga-nova-nota-sobre-caso-de-adolescente-desaparecida-em-lavras\/","title":{"rendered":"Ap\u00f3s cobran\u00e7a do Lavras24horas por diverg\u00eancias, PM divulga nova nota sobre caso de adolescente desaparecida em Lavras"},"content":{"rendered":"\n<p>Ap\u00f3s questionamentos sobre informa\u00e7\u00f5es divergentes e cobran\u00e7a de esclarecimentos por parte do Lavras24horas, a Pol\u00edcia Militar divulgou uma nova nota oficial neste domingo (18) sobre o caso envolvendo o desaparecimento da adolescente Evellyn Cristine Firmino da Silva, no bairro Novo Horizonte, em Lavras.<\/p>\n\n\n\n<p>No novo posicionamento, a PM confirma que localizou um homem suspeito de envolvimento em um poss\u00edvel feminic\u00eddio. Segundo a corpora\u00e7\u00e3o, desde o registro do desaparecimento, equipes vinham realizando dilig\u00eancias ininterruptas, com buscas e levantamentos em diversos pontos da cidade e regi\u00e3o.<\/p>\n\n\n\n<p>Ainda de acordo com a nota, surgiram informa\u00e7\u00f5es relevantes ao longo das investiga\u00e7\u00f5es, incluindo relato de um familiar do suspeito e imagens que circulam nas redes sociais. Esses elementos, segundo a Pol\u00edcia Militar, ser\u00e3o analisados pelas autoridades competentes.<\/p>\n\n\n\n<p>O suspeito foi localizado na regi\u00e3o da Serra da Bocaina e, no momento da abordagem, precisou de atendimento m\u00e9dico, sendo socorrido e encaminhado a uma unidade hospitalar, onde permanece sob acompanhamento.<\/p>\n\n\n\n<p>A motocicleta supostamente utilizada no caso tamb\u00e9m foi encontrada e apreendida, sendo considerada pe\u00e7a importante para a apura\u00e7\u00e3o dos fatos.<\/p>\n\n\n\n<p>As buscas pela adolescente continuam de forma intensificada, com apoio da Pol\u00edcia Militar, Pol\u00edcia Militar de Meio Ambiente e Corpo de Bombeiros.<\/p>\n\n\n\n<p>A Pol\u00edcia Militar destacou ainda que a defini\u00e7\u00e3o jur\u00eddica sobre pris\u00e3o em flagrante, poss\u00edveis medidas cautelares e demais procedimentos caber\u00e1 \u00e0 Pol\u00edcia Civil e ao Poder Judici\u00e1rio, conforme previsto na legisla\u00e7\u00e3o.<\/p>\n\n\n\n<p>O caso segue em investiga\u00e7\u00e3o.<\/p>\n","protected":false},"excerpt":{"rendered":"<p>Ap\u00f3s questionamentos sobre informa\u00e7\u00f5es divergentes e cobran\u00e7a de esclarecimentos por parte do Lavras24horas, a Pol\u00edcia Militar divulgou uma nova nota oficial neste domingo (18) sobre o caso envolvendo o desaparecimento da adolescente Evellyn Cristine Firmino da Silva, no bairro Novo Horizonte, em Lavras. No novo posicionamento, a PM confirma que localizou um homem suspeito de [&hellip;]<\/p>\n","protected":false},"author":7,"featured_media":323103,"comment_status":"closed","ping_status":"closed","sticky":false,"template":"","format":"standard","meta":{"advanced_seo_description":"","jetpack_seo_html_title":"","jetpack_seo_noindex":false,"_jetpack_memberships_contains_paid_content":false,"footnotes":""},"categories":[4],"tags":[],"class_list":["post-323104","post","type-post","status-publish","format-standard","has-post-thumbnail","hentry","category-lavras"],"jetpack_featured_media_url":"https:\/\/i0.wp.com\/www.lavras24horas.com.br\/portal\/wp-content\/uploads\/2026\/04\/00d61378-66dc-43e0-ad77-d0532a387dc5-1.jpg?fit=720%2C718&ssl=1","jetpack_sharing_enabled":true,"jetpack_likes_enabled":true,"_links":{"self":[{"href":"https:\/\/www.lavras24horas.com.br\/portal\/wp-json\/wp\/v2\/posts\/323104","targetHints":{"allow":["GET"]}}],"collection":[{"href":"https:\/\/www.lavras24horas.com.br\/portal\/wp-json\/wp\/v2\/posts"}],"about":[{"href":"https:\/\/www.lavras24horas.com.br\/portal\/wp-json\/wp\/v2\/types\/post"}],"author":[{"embeddable":true,"href":"https:\/\/www.lavras24horas.com.br\/portal\/wp-json\/wp\/v2\/users\/7"}],"replies":[{"embeddable":true,"href":"https:\/\/www.lavras24horas.com.br\/portal\/wp-json\/wp\/v2\/comments?post=323104"}],"version-history":[{"count":1,"href":"https:\/\/www.lavras24horas.com.br\/portal\/wp-json\/wp\/v2\/posts\/323104\/revisions"}],"predecessor-version":[{"id":323105,"href":"https:\/\/www.lavras24horas.com.br\/portal\/wp-json\/wp\/v2\/posts\/323104\/revisions\/323105"}],"wp:featuredmedia":[{"embeddable":true,"href":"https:\/\/www.lavras24horas.com.br\/portal\/wp-json\/wp\/v2\/media\/323103"}],"wp:attachment":[{"href":"https:\/\/www.lavras24horas.com.br\/portal\/wp-json\/wp\/v2\/media?parent=323104"}],"wp:term":[{"taxonomy":"category","embeddable":true,"href":"https:\/\/www.lavras24horas.com.br\/portal\/wp-json\/wp\/v2\/categories?post=323104"},{"taxonomy":"post_tag","embeddable":true,"href":"https:\/\/www.lavras24horas.com.br\/portal\/wp-json\/wp\/v2\/tags?post=323104"}],"curies":[{"name":"wp","href":"https:\/\/api.w.org\/{rel}","templated":true}]}}