{"id":323101,"date":"2026-04-19T22:26:01","date_gmt":"2026-04-20T01:26:01","guid":{"rendered":"https:\/\/www.lavras24horas.com.br\/portal\/?p=323101"},"modified":"2026-04-19T22:26:42","modified_gmt":"2026-04-20T01:26:42","slug":"buscas-por-adolescente-desaparecida-sao-intensificadas-em-lavras-e-familia-convoca-novos-voluntarios","status":"publish","type":"post","link":"https:\/\/www.lavras24horas.com.br\/portal\/buscas-por-adolescente-desaparecida-sao-intensificadas-em-lavras-e-familia-convoca-novos-voluntarios\/","title":{"rendered":"Buscas por adolescente desaparecida s\u00e3o intensificadas em Lavras e fam\u00edlia convoca novos volunt\u00e1rios"},"content":{"rendered":"\n<p>Irm\u00e3 atualiza buscas por adolescente desaparecida em Lavras e mobiliza volunt\u00e1rios para novo dia de procura<\/p>\n\n\n\n<p>A irm\u00e3 da adolescente Evellyn Cristine Firmino da Silva divulgou, na noite deste domingo (19), uma atualiza\u00e7\u00e3o sobre as buscas pela jovem, que segue desaparecida em Lavras.<\/p>\n\n\n\n<figure class=\"wp-block-image size-large\"><img data-recalc-dims=\"1\" fetchpriority=\"high\" decoding=\"async\" width=\"366\" height=\"650\" data-attachment-id=\"323099\" data-permalink=\"https:\/\/www.lavras24horas.com.br\/portal\/thaiscvalentino_20260419_222255_8097401315578657235444-jpg\/\" data-orig-file=\"https:\/\/i0.wp.com\/www.lavras24horas.com.br\/portal\/wp-content\/uploads\/2026\/04\/thaiscvalentino_20260419_222255_8097401315578657235444.jpg?fit=563%2C1000&amp;ssl=1\" data-orig-size=\"563,1000\" data-comments-opened=\"0\" data-image-meta=\"{&quot;aperture&quot;:&quot;0&quot;,&quot;credit&quot;:&quot;&quot;,&quot;camera&quot;:&quot;&quot;,&quot;caption&quot;:&quot;&quot;,&quot;created_timestamp&quot;:&quot;0&quot;,&quot;copyright&quot;:&quot;&quot;,&quot;focal_length&quot;:&quot;0&quot;,&quot;iso&quot;:&quot;0&quot;,&quot;shutter_speed&quot;:&quot;0&quot;,&quot;title&quot;:&quot;&quot;,&quot;orientation&quot;:&quot;1&quot;}\" data-image-title=\"thaiscvalentino_20260419_222255_8097401315578657235444.jpg\" data-image-description=\"\" data-image-caption=\"\" data-large-file=\"https:\/\/i0.wp.com\/www.lavras24horas.com.br\/portal\/wp-content\/uploads\/2026\/04\/thaiscvalentino_20260419_222255_8097401315578657235444.jpg?fit=366%2C650&amp;ssl=1\" src=\"https:\/\/i0.wp.com\/www.lavras24horas.com.br\/portal\/wp-content\/uploads\/2026\/04\/thaiscvalentino_20260419_222255_8097401315578657235444.jpg?resize=366%2C650&#038;ssl=1\" alt=\"\" class=\"wp-image-323099\" srcset=\"https:\/\/i0.wp.com\/www.lavras24horas.com.br\/portal\/wp-content\/uploads\/2026\/04\/thaiscvalentino_20260419_222255_8097401315578657235444.jpg?resize=366%2C650&amp;ssl=1 366w, https:\/\/i0.wp.com\/www.lavras24horas.com.br\/portal\/wp-content\/uploads\/2026\/04\/thaiscvalentino_20260419_222255_8097401315578657235444.jpg?w=563&amp;ssl=1 563w\" sizes=\"(max-width: 366px) 100vw, 366px\" \/><\/figure>\n\n\n\n<p>Segundo a publica\u00e7\u00e3o, Evellyn ainda n\u00e3o foi encontrada at\u00e9 o momento. As buscas, que come\u00e7aram no fim da tarde deste domingo no bairro Novo Horizonte, ser\u00e3o retomadas na manh\u00e3 desta segunda-feira (20), com a mobiliza\u00e7\u00e3o de volunt\u00e1rios.<\/p>\n\n\n\n<p>O ponto de encontro est\u00e1 marcado para \u00e0s 07h, na entrada da estrada de terra sentido Ponte Alta, onde equipes e moradores devem se reunir para dar continuidade \u00e0s buscas.<\/p>\n\n\n\n<p>O caso tem mobilizado a cidade e gerado grande como\u00e7\u00e3o nas redes sociais, com diversas pessoas se unindo em apoio \u00e0 fam\u00edlia e na tentativa de localizar a adolescente.<\/p>\n\n\n\n<p>Neste momento de dor e incerteza, desejamos for\u00e7a \u00e0 fam\u00edlia, que Deus possa trazer consolo aos cora\u00e7\u00f5es. A equipe do Lavras24horas segue em ora\u00e7\u00e3o pela Evellyn.<\/p>\n","protected":false},"excerpt":{"rendered":"<p>Irm\u00e3 atualiza buscas por adolescente desaparecida em Lavras e mobiliza volunt\u00e1rios para novo dia de procura A irm\u00e3 da adolescente Evellyn Cristine Firmino da Silva divulgou, na noite deste domingo (19), uma atualiza\u00e7\u00e3o sobre as buscas pela jovem, que segue desaparecida em Lavras. Segundo a publica\u00e7\u00e3o, Evellyn ainda n\u00e3o foi encontrada at\u00e9 o momento. As [&hellip;]<\/p>\n","protected":false},"author":20,"featured_media":323100,"comment_status":"closed","ping_status":"closed","sticky":false,"template":"","format":"standard","meta":{"advanced_seo_description":"","jetpack_seo_html_title":"","jetpack_seo_noindex":false,"_jetpack_memberships_contains_paid_content":false,"footnotes":""},"categories":[4],"tags":[],"class_list":["post-323101","post","type-post","status-publish","format-standard","has-post-thumbnail","hentry","category-lavras"],"jetpack_featured_media_url":"https:\/\/i0.wp.com\/www.lavras24horas.com.br\/portal\/wp-content\/uploads\/2026\/04\/Lavras-e-Regiao-_20260419_222403_0000.png?fit=1080%2C1350&ssl=1","jetpack_sharing_enabled":true,"jetpack_likes_enabled":true,"_links":{"self":[{"href":"https:\/\/www.lavras24horas.com.br\/portal\/wp-json\/wp\/v2\/posts\/323101","targetHints":{"allow":["GET"]}}],"collection":[{"href":"https:\/\/www.lavras24horas.com.br\/portal\/wp-json\/wp\/v2\/posts"}],"about":[{"href":"https:\/\/www.lavras24horas.com.br\/portal\/wp-json\/wp\/v2\/types\/post"}],"author":[{"embeddable":true,"href":"https:\/\/www.lavras24horas.com.br\/portal\/wp-json\/wp\/v2\/users\/20"}],"replies":[{"embeddable":true,"href":"https:\/\/www.lavras24horas.com.br\/portal\/wp-json\/wp\/v2\/comments?post=323101"}],"version-history":[{"count":1,"href":"https:\/\/www.lavras24horas.com.br\/portal\/wp-json\/wp\/v2\/posts\/323101\/revisions"}],"predecessor-version":[{"id":323102,"href":"https:\/\/www.lavras24horas.com.br\/portal\/wp-json\/wp\/v2\/posts\/323101\/revisions\/323102"}],"wp:featuredmedia":[{"embeddable":true,"href":"https:\/\/www.lavras24horas.com.br\/portal\/wp-json\/wp\/v2\/media\/323100"}],"wp:attachment":[{"href":"https:\/\/www.lavras24horas.com.br\/portal\/wp-json\/wp\/v2\/media?parent=323101"}],"wp:term":[{"taxonomy":"category","embeddable":true,"href":"https:\/\/www.lavras24horas.com.br\/portal\/wp-json\/wp\/v2\/categories?post=323101"},{"taxonomy":"post_tag","embeddable":true,"href":"https:\/\/www.lavras24horas.com.br\/portal\/wp-json\/wp\/v2\/tags?post=323101"}],"curies":[{"name":"wp","href":"https:\/\/api.w.org\/{rel}","templated":true}]}}