{"id":323095,"date":"2026-04-19T20:21:04","date_gmt":"2026-04-19T23:21:04","guid":{"rendered":"https:\/\/www.lavras24horas.com.br\/portal\/?p=323095"},"modified":"2026-04-19T20:43:19","modified_gmt":"2026-04-19T23:43:19","slug":"suspeito-de-feminicidio-contra-adolescente-e-preso-apos-tentativa-de-suicidio-em-lavras-buscas-pela-vitima-continuam","status":"publish","type":"post","link":"https:\/\/www.lavras24horas.com.br\/portal\/suspeito-de-feminicidio-contra-adolescente-e-preso-apos-tentativa-de-suicidio-em-lavras-buscas-pela-vitima-continuam\/","title":{"rendered":"Suspeito de feminic\u00eddio contra adolescente \u00e9 preso ap\u00f3s tentativa de suic\u00eddio em Lavras; buscas pela v\u00edtima continuam"},"content":{"rendered":"\n<p class=\"p1\">Um homem foi preso pela Pol\u00edcia Militar no s\u00e1bado (18), suspeito de envolvimento no desaparecimento da adolescente Evellyn Cristine Firmino da Silva, no bairro Novo Horizonte, em Lavras. O caso \u00e9 tratado, preliminarmente, como um poss\u00edvel feminic\u00eddio.<\/p>\n\n\n\n<p class=\"p1\">Desde o desaparecimento da jovem, a Pol\u00edcia Militar realizava buscas cont\u00ednuas na regi\u00e3o. Durante as dilig\u00eancias, o suspeito teria confessado o crime \u00e0 pr\u00f3pria m\u00e3e, que acionou a PM. Um v\u00eddeo que circula nas redes sociais, mostrando uma cena considerada suspeita, tamb\u00e9m refor\u00e7ou a linha de investiga\u00e7\u00e3o de crime passional.<\/p>\n\n\n\n<p class=\"p1\">O homem foi localizado na Serra da Bocaina, onde havia tentado tirar a pr\u00f3pria vida. Ele foi socorrido e encaminhado \u00e0 Unidade de Pronto Atendimento (UPA), onde permanece internado sob cust\u00f3dia policial. Ap\u00f3s receber alta, ser\u00e1 encaminhado ao sistema prisional.<\/p>\n\n\n\n<p class=\"p1\">A motocicleta usada pelo suspeito foi encontrada e apreendida. Segundo a pol\u00edcia, ele teria danificado a igni\u00e7\u00e3o do ve\u00edculo para conseguir fugir ap\u00f3s perder a chave.<\/p>\n\n\n\n<p class=\"p1\">As buscas pelo corpo da adolescente seguem intensificadas, com apoio da Pol\u00edcia Militar Ambiental e do Corpo de Bombeiros. A Pol\u00edcia Civil continuar\u00e1 respons\u00e1vel pela investiga\u00e7\u00e3o para esclarecer completamente o caso.<\/p>\n\n\n\n<ul class=\"wp-block-list\">\n<li>Mat\u00e9ria baseada em informa\u00e7\u00f5es da nota oficial da PMMG<\/li>\n<\/ul>\n","protected":false},"excerpt":{"rendered":"<p>Um homem foi preso pela Pol\u00edcia Militar no s\u00e1bado (18), suspeito de envolvimento no desaparecimento da adolescente Evellyn Cristine Firmino da Silva, no bairro Novo Horizonte, em Lavras. O caso \u00e9 tratado, preliminarmente, como um poss\u00edvel feminic\u00eddio. Desde o desaparecimento da jovem, a Pol\u00edcia Militar realizava buscas cont\u00ednuas na regi\u00e3o. Durante as dilig\u00eancias, o suspeito [&hellip;]<\/p>\n","protected":false},"author":7,"featured_media":323094,"comment_status":"closed","ping_status":"closed","sticky":false,"template":"","format":"standard","meta":{"advanced_seo_description":"","jetpack_seo_html_title":"","jetpack_seo_noindex":false,"_jetpack_memberships_contains_paid_content":false,"footnotes":""},"categories":[4],"tags":[],"class_list":["post-323095","post","type-post","status-publish","format-standard","has-post-thumbnail","hentry","category-lavras"],"jetpack_featured_media_url":"https:\/\/i0.wp.com\/www.lavras24horas.com.br\/portal\/wp-content\/uploads\/2026\/04\/00d61378-66dc-43e0-ad77-d0532a387dc5.jpg?fit=720%2C718&ssl=1","jetpack_sharing_enabled":true,"jetpack_likes_enabled":true,"_links":{"self":[{"href":"https:\/\/www.lavras24horas.com.br\/portal\/wp-json\/wp\/v2\/posts\/323095","targetHints":{"allow":["GET"]}}],"collection":[{"href":"https:\/\/www.lavras24horas.com.br\/portal\/wp-json\/wp\/v2\/posts"}],"about":[{"href":"https:\/\/www.lavras24horas.com.br\/portal\/wp-json\/wp\/v2\/types\/post"}],"author":[{"embeddable":true,"href":"https:\/\/www.lavras24horas.com.br\/portal\/wp-json\/wp\/v2\/users\/7"}],"replies":[{"embeddable":true,"href":"https:\/\/www.lavras24horas.com.br\/portal\/wp-json\/wp\/v2\/comments?post=323095"}],"version-history":[{"count":3,"href":"https:\/\/www.lavras24horas.com.br\/portal\/wp-json\/wp\/v2\/posts\/323095\/revisions"}],"predecessor-version":[{"id":323098,"href":"https:\/\/www.lavras24horas.com.br\/portal\/wp-json\/wp\/v2\/posts\/323095\/revisions\/323098"}],"wp:featuredmedia":[{"embeddable":true,"href":"https:\/\/www.lavras24horas.com.br\/portal\/wp-json\/wp\/v2\/media\/323094"}],"wp:attachment":[{"href":"https:\/\/www.lavras24horas.com.br\/portal\/wp-json\/wp\/v2\/media?parent=323095"}],"wp:term":[{"taxonomy":"category","embeddable":true,"href":"https:\/\/www.lavras24horas.com.br\/portal\/wp-json\/wp\/v2\/categories?post=323095"},{"taxonomy":"post_tag","embeddable":true,"href":"https:\/\/www.lavras24horas.com.br\/portal\/wp-json\/wp\/v2\/tags?post=323095"}],"curies":[{"name":"wp","href":"https:\/\/api.w.org\/{rel}","templated":true}]}}