{"id":323077,"date":"2026-04-19T14:59:04","date_gmt":"2026-04-19T17:59:04","guid":{"rendered":"https:\/\/www.lavras24horas.com.br\/portal\/?p=323077"},"modified":"2026-04-19T14:59:04","modified_gmt":"2026-04-19T17:59:04","slug":"imagens-mostram-homem-carregando-pessoa-desfalecida-no-ombro-em-caso-de-desaparecimento-de-evellyn-firmino-veja-o-video","status":"publish","type":"post","link":"https:\/\/www.lavras24horas.com.br\/portal\/imagens-mostram-homem-carregando-pessoa-desfalecida-no-ombro-em-caso-de-desaparecimento-de-evellyn-firmino-veja-o-video\/","title":{"rendered":"Imagens mostram homem carregando pessoa desfalecida no ombro em caso de desaparecimento de Evellyn Firmino, veja o v\u00eddeo"},"content":{"rendered":"\n<p>O desaparecimento da jovem Evellyn Firmino, de 17 anos, desde a \u00faltima sexta-feira (17), ganhou novos e preocupantes desdobramentos neste domingo (19) em Lavras.<\/p>\n\n\n\n<figure class=\"wp-block-video\"><video height=\"628\" style=\"aspect-ratio: 720 \/ 628;\" width=\"720\" controls src=\"https:\/\/www.lavras24horas.com.br\/portal\/wp-content\/uploads\/2026\/04\/video-1776621191-1.mp4\"><\/video><\/figure>\n\n\n\n<p>Familiares da v\u00edtima conseguiram imagens de uma c\u00e2mera de seguran\u00e7a instalada nas proximidades da resid\u00eancia do namorado dela. O v\u00eddeo registra um homem saindo do local carregando uma pessoa aparentemente desfalecida nos ombros, colocando-a em uma motocicleta e seguindo em dire\u00e7\u00e3o \u00e0 estrada vicinal que leva \u00e0 localidade de Ponte Alta.<\/p>\n\n\n\n<p>Ainda neste domingo, o namorado de Evellyn foi encontrado inconsciente na zona rural de Serrinha, apresentando sinais de ingest\u00e3o de subst\u00e2ncias em uma aparente tentativa de suic\u00eddio.<\/p>\n\n\n\n<p>As buscas pela adolescente continuam intensas, enquanto a Pol\u00edcia Civil analisa as imagens e outras evid\u00eancias para esclarecer o caso, que tem causado grande como\u00e7\u00e3o na cidade. A fam\u00edlia pede colabora\u00e7\u00e3o da popula\u00e7\u00e3o.<\/p>\n","protected":false},"excerpt":{"rendered":"<p>O desaparecimento da jovem Evellyn Firmino, de 17 anos, desde a \u00faltima sexta-feira (17), ganhou novos e preocupantes desdobramentos neste domingo (19) em Lavras. Familiares da v\u00edtima conseguiram imagens de uma c\u00e2mera de seguran\u00e7a instalada nas proximidades da resid\u00eancia do namorado dela. O v\u00eddeo registra um homem saindo do local carregando uma pessoa aparentemente desfalecida [&hellip;]<\/p>\n","protected":false},"author":7,"featured_media":323075,"comment_status":"closed","ping_status":"closed","sticky":false,"template":"","format":"standard","meta":{"advanced_seo_description":"","jetpack_seo_html_title":"","jetpack_seo_noindex":false,"_jetpack_memberships_contains_paid_content":false,"footnotes":""},"categories":[4],"tags":[],"class_list":["post-323077","post","type-post","status-publish","format-standard","has-post-thumbnail","hentry","category-lavras"],"jetpack_featured_media_url":"https:\/\/i0.wp.com\/www.lavras24horas.com.br\/portal\/wp-content\/uploads\/2026\/04\/img_9175.jpg?fit=1000%2C864&ssl=1","jetpack_sharing_enabled":true,"jetpack_likes_enabled":true,"_links":{"self":[{"href":"https:\/\/www.lavras24horas.com.br\/portal\/wp-json\/wp\/v2\/posts\/323077","targetHints":{"allow":["GET"]}}],"collection":[{"href":"https:\/\/www.lavras24horas.com.br\/portal\/wp-json\/wp\/v2\/posts"}],"about":[{"href":"https:\/\/www.lavras24horas.com.br\/portal\/wp-json\/wp\/v2\/types\/post"}],"author":[{"embeddable":true,"href":"https:\/\/www.lavras24horas.com.br\/portal\/wp-json\/wp\/v2\/users\/7"}],"replies":[{"embeddable":true,"href":"https:\/\/www.lavras24horas.com.br\/portal\/wp-json\/wp\/v2\/comments?post=323077"}],"version-history":[{"count":1,"href":"https:\/\/www.lavras24horas.com.br\/portal\/wp-json\/wp\/v2\/posts\/323077\/revisions"}],"predecessor-version":[{"id":323078,"href":"https:\/\/www.lavras24horas.com.br\/portal\/wp-json\/wp\/v2\/posts\/323077\/revisions\/323078"}],"wp:featuredmedia":[{"embeddable":true,"href":"https:\/\/www.lavras24horas.com.br\/portal\/wp-json\/wp\/v2\/media\/323075"}],"wp:attachment":[{"href":"https:\/\/www.lavras24horas.com.br\/portal\/wp-json\/wp\/v2\/media?parent=323077"}],"wp:term":[{"taxonomy":"category","embeddable":true,"href":"https:\/\/www.lavras24horas.com.br\/portal\/wp-json\/wp\/v2\/categories?post=323077"},{"taxonomy":"post_tag","embeddable":true,"href":"https:\/\/www.lavras24horas.com.br\/portal\/wp-json\/wp\/v2\/tags?post=323077"}],"curies":[{"name":"wp","href":"https:\/\/api.w.org\/{rel}","templated":true}]}}