{"id":322779,"date":"2026-04-14T20:33:35","date_gmt":"2026-04-14T23:33:35","guid":{"rendered":"https:\/\/www.lavras24horas.com.br\/portal\/?p=322779"},"modified":"2026-04-14T20:34:02","modified_gmt":"2026-04-14T23:34:02","slug":"bicicleta-de-jovem-trabalhador-e-furtada-em-lavras-enquanto-ele-estava-no-servico","status":"publish","type":"post","link":"https:\/\/www.lavras24horas.com.br\/portal\/bicicleta-de-jovem-trabalhador-e-furtada-em-lavras-enquanto-ele-estava-no-servico\/","title":{"rendered":"Bicicleta de jovem trabalhador \u00e9 furtada em Lavras enquanto ele estava no servi\u00e7o, veja o v\u00eddeo"},"content":{"rendered":"\n<p>Um jovem trabalhador de Lavras teve sua bicicleta furtada na madrugada desta ter\u00e7a-feira (13). Ele deixou o ve\u00edculo trancado na rua do Burger King, por volta de 1h31, antes de iniciar o expediente de trabalho. Ao retornar pela manh\u00e3, a bike havia desaparecido.<\/p>\n\n\n\n<figure class=\"wp-block-video\"><video height=\"392\" style=\"aspect-ratio: 848 \/ 392;\" width=\"848\" controls src=\"https:\/\/www.lavras24horas.com.br\/portal\/wp-content\/uploads\/2026\/04\/d3766143-5d45-42b9-ad14-619c786bfe5f.mp4\"><\/video><\/figure>\n\n\n\n<p>A bicicleta, um modelo simples preto usado diariamente para se deslocar at\u00e9 o emprego, \u00e9 essencial para o sustento do jovem. \u201cEle saiu para trabalhar, deixou trancada e, quando voltou, a bike tinha sumido\u201d, relatam familiares e amigos que est\u00e3o ajudando na divulga\u00e7\u00e3o.<\/p>\n\n\n\n<p>O caso foi compartilhado em grupos de WhatsApp com fotos do local e da bicicleta, acompanhado de um apelo: quem vir ou tiver informa\u00e7\u00f5es sobre a bike pode entrar em contato pelo n\u00famero (35) 9727-3897.<\/p>\n\n\n\n<p>Situa\u00e7\u00f5es como essa s\u00e3o cada vez mais comuns em v\u00e1rias cidades do interior de Minas Gerais, onde muitos trabalhadores dependem da bicicleta como principal meio de transporte. A perda do ve\u00edculo costuma gerar grande preju\u00edzo, pois compromete o deslocamento di\u00e1rio e, consequentemente, a renda da pessoa.<\/p>\n\n\n\n<p>Se voc\u00ea est\u00e1 em Lavras ou regi\u00e3o e viu uma bicicleta preta semelhante circulando, compartilhe esta informa\u00e7\u00e3o. \u00c0s vezes uma divulga\u00e7\u00e3o simples ajuda a recuperar o bem de quem vive do pr\u00f3prio trabalho.<\/p>\n\n\n\n<p><\/p>\n","protected":false},"excerpt":{"rendered":"<p>Um jovem trabalhador de Lavras teve sua bicicleta furtada na madrugada desta ter\u00e7a-feira (13). Ele deixou o ve\u00edculo trancado na rua do Burger King, por volta de 1h31, antes de iniciar o expediente de trabalho. Ao retornar pela manh\u00e3, a bike havia desaparecido. A bicicleta, um modelo simples preto usado diariamente para se deslocar at\u00e9 [&hellip;]<\/p>\n","protected":false},"author":7,"featured_media":322778,"comment_status":"closed","ping_status":"closed","sticky":false,"template":"","format":"standard","meta":{"advanced_seo_description":"","jetpack_seo_html_title":"","jetpack_seo_noindex":false,"_jetpack_memberships_contains_paid_content":false,"footnotes":""},"categories":[4],"tags":[],"class_list":["post-322779","post","type-post","status-publish","format-standard","has-post-thumbnail","hentry","category-lavras"],"jetpack_featured_media_url":"https:\/\/i0.wp.com\/www.lavras24horas.com.br\/portal\/wp-content\/uploads\/2026\/04\/img_8812.jpg?fit=1000%2C452&ssl=1","jetpack_sharing_enabled":true,"jetpack_likes_enabled":true,"_links":{"self":[{"href":"https:\/\/www.lavras24horas.com.br\/portal\/wp-json\/wp\/v2\/posts\/322779","targetHints":{"allow":["GET"]}}],"collection":[{"href":"https:\/\/www.lavras24horas.com.br\/portal\/wp-json\/wp\/v2\/posts"}],"about":[{"href":"https:\/\/www.lavras24horas.com.br\/portal\/wp-json\/wp\/v2\/types\/post"}],"author":[{"embeddable":true,"href":"https:\/\/www.lavras24horas.com.br\/portal\/wp-json\/wp\/v2\/users\/7"}],"replies":[{"embeddable":true,"href":"https:\/\/www.lavras24horas.com.br\/portal\/wp-json\/wp\/v2\/comments?post=322779"}],"version-history":[{"count":2,"href":"https:\/\/www.lavras24horas.com.br\/portal\/wp-json\/wp\/v2\/posts\/322779\/revisions"}],"predecessor-version":[{"id":322782,"href":"https:\/\/www.lavras24horas.com.br\/portal\/wp-json\/wp\/v2\/posts\/322779\/revisions\/322782"}],"wp:featuredmedia":[{"embeddable":true,"href":"https:\/\/www.lavras24horas.com.br\/portal\/wp-json\/wp\/v2\/media\/322778"}],"wp:attachment":[{"href":"https:\/\/www.lavras24horas.com.br\/portal\/wp-json\/wp\/v2\/media?parent=322779"}],"wp:term":[{"taxonomy":"category","embeddable":true,"href":"https:\/\/www.lavras24horas.com.br\/portal\/wp-json\/wp\/v2\/categories?post=322779"},{"taxonomy":"post_tag","embeddable":true,"href":"https:\/\/www.lavras24horas.com.br\/portal\/wp-json\/wp\/v2\/tags?post=322779"}],"curies":[{"name":"wp","href":"https:\/\/api.w.org\/{rel}","templated":true}]}}