{"id":322572,"date":"2026-04-10T13:52:44","date_gmt":"2026-04-10T16:52:44","guid":{"rendered":"https:\/\/www.lavras24horas.com.br\/portal\/?p=322572"},"modified":"2026-04-10T13:52:47","modified_gmt":"2026-04-10T16:52:47","slug":"reportagem-inicial-feita-com-base-em-nota-oficial-da-pmmg-vitima-de-36-anos-envia-correcoes","status":"publish","type":"post","link":"https:\/\/www.lavras24horas.com.br\/portal\/reportagem-inicial-feita-com-base-em-nota-oficial-da-pmmg-vitima-de-36-anos-envia-correcoes\/","title":{"rendered":"Reportagem inicial feita com base em nota oficial da PMMG; v\u00edtima de 36 anos envia corre\u00e7\u00f5es"},"content":{"rendered":"\n<p>A reportagem publicada pelo Lavras24H na manh\u00e3 desta sexta-feira (09\/04) sobre o roubo e agress\u00e3o no centro de Lavras foi elaborada com base na nota oficial enviada pela Pol\u00edcia Militar de Minas Gerais (PMMG).<br><\/p>\n\n\n\n<figure class=\"wp-block-video\"><video height=\"640\" style=\"aspect-ratio: 360 \/ 640;\" width=\"360\" controls src=\"https:\/\/www.lavras24horas.com.br\/portal\/wp-content\/uploads\/2026\/04\/VID_20260409_194551_061-2.mp4\"><\/video><\/figure>\n\n\n\n<p><br>Nesta sexta-feira (10\/04), a pr\u00f3pria v\u00edtima, uma mulher de 36 anos, entrou em contato com o Lavras24H para corrigir alguns pontos da mat\u00e9ria. Seguem abaixo as atualiza\u00e7\u00f5es feitas com base no relato direto dela:<br><br>Durante a abordagem, a v\u00edtima arremessou o celular para dentro de casa. No entanto, o assaltante apertou o bot\u00e3o do port\u00e3o eletr\u00f4nico, invadiu a garagem da resid\u00eancia e pegou o aparelho dentro da garagem.<br><br>Dentro da garagem, o criminoso aplicou um mata-le\u00e3o na v\u00edtima, derrubando-a no ch\u00e3o. Em seguida, ele a chutou v\u00e1rias vezes na costela enquanto ela gritava por socorro. A v\u00edtima informou que n\u00e3o recebeu socos, apenas chutes.<br><br>Mesmo ap\u00f3s a agress\u00e3o, o suspeito ainda tentou roubar um carro GM\/Onix estacionado na via, mas desistiu ap\u00f3s os gritos de socorro da mulher e fugiu do local.<br><br>Durante a fuga, o assaltante invadiu outra resid\u00eancia nas proximidades, danificando portas para entrar pela cozinha e quebrando uma vidra\u00e7a para escapar pela janela de um quarto.<br><br>A Pol\u00edcia Militar realizou intenso rastreamento na regi\u00e3o, inclusive com o aux\u00edlio da localiza\u00e7\u00e3o do celular, mas at\u00e9 o momento nem o autor nem o aparelho foram localizados.<br><br>A PM segue em dilig\u00eancias para identificar e prender o respons\u00e1vel pelo crime. Qualquer informa\u00e7\u00e3o pode ser repassada imediatamente pelo telefone 190.<br><br>O Lavras24H agradece o contato da v\u00edtima, refor\u00e7a seu compromisso com a informa\u00e7\u00e3o precisa e pede desculpas pelos equ\u00edvocos contidos na primeira vers\u00e3o da reportagem.<\/p>\n","protected":false},"excerpt":{"rendered":"<p>A reportagem publicada pelo Lavras24H na manh\u00e3 desta sexta-feira (09\/04) sobre o roubo e agress\u00e3o no centro de Lavras foi elaborada com base na nota oficial enviada pela Pol\u00edcia Militar de Minas Gerais (PMMG). Nesta sexta-feira (10\/04), a pr\u00f3pria v\u00edtima, uma mulher de 36 anos, entrou em contato com o Lavras24H para corrigir alguns pontos [&hellip;]<\/p>\n","protected":false},"author":20,"featured_media":322570,"comment_status":"closed","ping_status":"closed","sticky":false,"template":"","format":"standard","meta":{"advanced_seo_description":"","jetpack_seo_html_title":"","jetpack_seo_noindex":false,"_jetpack_memberships_contains_paid_content":false,"footnotes":""},"categories":[4],"tags":[],"class_list":["post-322572","post","type-post","status-publish","format-standard","has-post-thumbnail","hentry","category-lavras"],"jetpack_featured_media_url":"https:\/\/i0.wp.com\/www.lavras24horas.com.br\/portal\/wp-content\/uploads\/2026\/04\/img20220309110443350-768x512-1.jpg?fit=768%2C512&ssl=1","jetpack_sharing_enabled":true,"jetpack_likes_enabled":true,"_links":{"self":[{"href":"https:\/\/www.lavras24horas.com.br\/portal\/wp-json\/wp\/v2\/posts\/322572","targetHints":{"allow":["GET"]}}],"collection":[{"href":"https:\/\/www.lavras24horas.com.br\/portal\/wp-json\/wp\/v2\/posts"}],"about":[{"href":"https:\/\/www.lavras24horas.com.br\/portal\/wp-json\/wp\/v2\/types\/post"}],"author":[{"embeddable":true,"href":"https:\/\/www.lavras24horas.com.br\/portal\/wp-json\/wp\/v2\/users\/20"}],"replies":[{"embeddable":true,"href":"https:\/\/www.lavras24horas.com.br\/portal\/wp-json\/wp\/v2\/comments?post=322572"}],"version-history":[{"count":1,"href":"https:\/\/www.lavras24horas.com.br\/portal\/wp-json\/wp\/v2\/posts\/322572\/revisions"}],"predecessor-version":[{"id":322573,"href":"https:\/\/www.lavras24horas.com.br\/portal\/wp-json\/wp\/v2\/posts\/322572\/revisions\/322573"}],"wp:featuredmedia":[{"embeddable":true,"href":"https:\/\/www.lavras24horas.com.br\/portal\/wp-json\/wp\/v2\/media\/322570"}],"wp:attachment":[{"href":"https:\/\/www.lavras24horas.com.br\/portal\/wp-json\/wp\/v2\/media?parent=322572"}],"wp:term":[{"taxonomy":"category","embeddable":true,"href":"https:\/\/www.lavras24horas.com.br\/portal\/wp-json\/wp\/v2\/categories?post=322572"},{"taxonomy":"post_tag","embeddable":true,"href":"https:\/\/www.lavras24horas.com.br\/portal\/wp-json\/wp\/v2\/tags?post=322572"}],"curies":[{"name":"wp","href":"https:\/\/api.w.org\/{rel}","templated":true}]}}