{"id":322524,"date":"2026-04-09T21:09:08","date_gmt":"2026-04-10T00:09:08","guid":{"rendered":"https:\/\/www.lavras24horas.com.br\/portal\/?p=322524"},"modified":"2026-04-09T21:09:08","modified_gmt":"2026-04-10T00:09:08","slug":"lavras24horas-se-posiciona-apos-declaracoes-do-reitor-e-reforca-compromisso-com-a-verdade","status":"publish","type":"post","link":"https:\/\/www.lavras24horas.com.br\/portal\/lavras24horas-se-posiciona-apos-declaracoes-do-reitor-e-reforca-compromisso-com-a-verdade\/","title":{"rendered":"Lavras24Horas se posiciona ap\u00f3s declara\u00e7\u00f5es do reitor e refor\u00e7a compromisso com a verdade"},"content":{"rendered":"\n<p>O Lavras24Horas vem a p\u00fablico esclarecer pontos relacionados \u00e0 mat\u00e9ria publicada sobre den\u00fancias envolvendo o restaurante universit\u00e1rio.<\/p>\n\n\n\n<figure class=\"wp-block-video\"><video height=\"464\" style=\"aspect-ratio: 368 \/ 464;\" width=\"368\" controls src=\"https:\/\/www.lavras24horas.com.br\/portal\/wp-content\/uploads\/2026\/04\/1ab88454-29f8-4613-81d5-c969350fc6f1.mp4\"><\/video><\/figure>\n\n\n\n<p>A reportagem foi constru\u00edda com base em diversos relatos de estudantes, acompanhados de registros encaminhados ao jornal. Diante da relev\u00e2ncia do tema, que envolve alimenta\u00e7\u00e3o e sa\u00fade, a publica\u00e7\u00e3o considerou o interesse p\u00fablico das informa\u00e7\u00f5es.<\/p>\n\n\n\n<p>Assim que houve posicionamento oficial da universidade, ele foi devidamente inclu\u00eddo em nova publica\u00e7\u00e3o, garantindo transpar\u00eancia e o direito de resposta.<\/p>\n\n\n\n<p>Em rela\u00e7\u00e3o \u00e0s declara\u00e7\u00f5es feitas em entrevista \u00e0 r\u00e1dio nesta data, o jornal esclarece que todas as informa\u00e7\u00f5es divulgadas seguiram crit\u00e9rios jornal\u00edsticos, com responsabilidade e respeito aos fatos apresentados.<\/p>\n\n\n\n<p>Cabe destacar que, ao longo do tempo, o Lavras24Horas sempre esteve presente na divulga\u00e7\u00e3o de a\u00e7\u00f5es, projetos e conquistas da universidade, valorizando seu papel na cidade e na regi\u00e3o.<\/p>\n\n\n\n<p>O compromisso do jornal permanece sendo com a informa\u00e7\u00e3o, a responsabilidade e a verdade, ouvindo todos os lados e prezando sempre pela clareza com seus leitores.<\/p>\n","protected":false},"excerpt":{"rendered":"<p>O Lavras24Horas vem a p\u00fablico esclarecer pontos relacionados \u00e0 mat\u00e9ria publicada sobre den\u00fancias envolvendo o restaurante universit\u00e1rio. A reportagem foi constru\u00edda com base em diversos relatos de estudantes, acompanhados de registros encaminhados ao jornal. Diante da relev\u00e2ncia do tema, que envolve alimenta\u00e7\u00e3o e sa\u00fade, a publica\u00e7\u00e3o considerou o interesse p\u00fablico das informa\u00e7\u00f5es. Assim que houve [&hellip;]<\/p>\n","protected":false},"author":7,"featured_media":322523,"comment_status":"closed","ping_status":"closed","sticky":false,"template":"","format":"standard","meta":{"advanced_seo_description":"","jetpack_seo_html_title":"","jetpack_seo_noindex":false,"_jetpack_memberships_contains_paid_content":false,"footnotes":""},"categories":[4],"tags":[],"class_list":["post-322524","post","type-post","status-publish","format-standard","has-post-thumbnail","hentry","category-lavras"],"jetpack_featured_media_url":"https:\/\/i0.wp.com\/www.lavras24horas.com.br\/portal\/wp-content\/uploads\/2026\/04\/img_8501.jpg?fit=1000%2C896&ssl=1","jetpack_sharing_enabled":true,"jetpack_likes_enabled":true,"jetpack_shortlink":"https:\/\/wp.me\/p12djN-1lU0","_links":{"self":[{"href":"https:\/\/www.lavras24horas.com.br\/portal\/wp-json\/wp\/v2\/posts\/322524","targetHints":{"allow":["GET"]}}],"collection":[{"href":"https:\/\/www.lavras24horas.com.br\/portal\/wp-json\/wp\/v2\/posts"}],"about":[{"href":"https:\/\/www.lavras24horas.com.br\/portal\/wp-json\/wp\/v2\/types\/post"}],"author":[{"embeddable":true,"href":"https:\/\/www.lavras24horas.com.br\/portal\/wp-json\/wp\/v2\/users\/7"}],"replies":[{"embeddable":true,"href":"https:\/\/www.lavras24horas.com.br\/portal\/wp-json\/wp\/v2\/comments?post=322524"}],"version-history":[{"count":1,"href":"https:\/\/www.lavras24horas.com.br\/portal\/wp-json\/wp\/v2\/posts\/322524\/revisions"}],"predecessor-version":[{"id":322525,"href":"https:\/\/www.lavras24horas.com.br\/portal\/wp-json\/wp\/v2\/posts\/322524\/revisions\/322525"}],"wp:featuredmedia":[{"embeddable":true,"href":"https:\/\/www.lavras24horas.com.br\/portal\/wp-json\/wp\/v2\/media\/322523"}],"wp:attachment":[{"href":"https:\/\/www.lavras24horas.com.br\/portal\/wp-json\/wp\/v2\/media?parent=322524"}],"wp:term":[{"taxonomy":"category","embeddable":true,"href":"https:\/\/www.lavras24horas.com.br\/portal\/wp-json\/wp\/v2\/categories?post=322524"},{"taxonomy":"post_tag","embeddable":true,"href":"https:\/\/www.lavras24horas.com.br\/portal\/wp-json\/wp\/v2\/tags?post=322524"}],"curies":[{"name":"wp","href":"https:\/\/api.w.org\/{rel}","templated":true}]}}