{"id":322520,"date":"2026-04-09T17:40:41","date_gmt":"2026-04-09T20:40:41","guid":{"rendered":"https:\/\/www.lavras24horas.com.br\/portal\/?p=322520"},"modified":"2026-04-09T17:41:47","modified_gmt":"2026-04-09T20:41:47","slug":"governo-pretende-elevar-mistura-de-etanol-na-gasolina-para-32-ainda-no-primeiro-semestre-de-2026","status":"publish","type":"post","link":"https:\/\/www.lavras24horas.com.br\/portal\/governo-pretende-elevar-mistura-de-etanol-na-gasolina-para-32-ainda-no-primeiro-semestre-de-2026\/","title":{"rendered":"Governo pretende elevar mistura de etanol na gasolina para 32% ainda no primeiro semestre de 2026"},"content":{"rendered":"\n<p>Ap\u00f3s o recente aumento da propor\u00e7\u00e3o de etanol na gasolina para 30%, o governo federal confirmou que pretende oficializar o E32, com 32% de etanol anidro, ainda no primeiro semestre deste ano. O ministro de Minas e Energia, Alexandre Silveira, anunciou a medida durante evento no Rio de Janeiro, com o objetivo de reduzir a depend\u00eancia de importa\u00e7\u00f5es de combust\u00edveis f\u00f3sseis e ampliar o uso de biocombust\u00edveis no pa\u00eds.<\/p>\n\n\n\n<p>Especialistas e donos de ve\u00edculos a combust\u00e3o, no entanto, manifestam preocupa\u00e7\u00e3o. Grande parte da frota brasileira, especialmente modelos importados e mais antigos, n\u00e3o conta com motores flex. Esses carros foram projetados para misturas menores de etanol e podem apresentar falhas na combust\u00e3o, perda de pot\u00eancia, engasgos e desgaste acelerado em componentes como inje\u00e7\u00e3o eletr\u00f4nica e carburadores.<\/p>\n\n\n\n<p>A promessa oficial era de que o maior teor de etanol baratearia o pre\u00e7o final na bomba ao substituir parte da gasolina. Na pr\u00e1tica, o etanol possui menor poder energ\u00e9tico, o que torna os ve\u00edculos mais beberr\u00f5es. O consumo sobe, exigindo mais litros para percorrer a mesma dist\u00e2ncia, e os pre\u00e7os tanto da gasolina quanto do etanol nas bombas seguem em alta. Com isso, o custo por quil\u00f4metro rodado aumenta em vez de cair, contrariando a expectativa inicial.<\/p>\n\n\n\n<p>Donos de carros relatam que o E30 atual j\u00e1 elevou o gasto de combust\u00edvel. Com o E32, o impacto deve ser ainda maior, especialmente para quem roda com ve\u00edculos n\u00e3o flex. A mudan\u00e7a depende de testes finais e aprova\u00e7\u00e3o do Conselho Nacional de Pol\u00edtica Energ\u00e9tica.<\/p>\n","protected":false},"excerpt":{"rendered":"<p>Ap\u00f3s o recente aumento da propor\u00e7\u00e3o de etanol na gasolina para 30%, o governo federal confirmou que pretende oficializar o E32, com 32% de etanol anidro, ainda no primeiro semestre deste ano. O ministro de Minas e Energia, Alexandre Silveira, anunciou a medida durante evento no Rio de Janeiro, com o objetivo de reduzir a [&hellip;]<\/p>\n","protected":false},"author":20,"featured_media":322519,"comment_status":"closed","ping_status":"closed","sticky":false,"template":"","format":"standard","meta":{"advanced_seo_description":"","jetpack_seo_html_title":"","jetpack_seo_noindex":false,"_jetpack_memberships_contains_paid_content":false,"footnotes":""},"categories":[31047],"tags":[],"class_list":["post-322520","post","type-post","status-publish","format-standard","has-post-thumbnail","hentry","category-brasil"],"jetpack_featured_media_url":"https:\/\/i0.wp.com\/www.lavras24horas.com.br\/portal\/wp-content\/uploads\/2026\/04\/7a67c18ca99b1c5751cceba34b038659-1.jpg?fit=1024%2C768&ssl=1","jetpack_sharing_enabled":true,"jetpack_likes_enabled":true,"jetpack_shortlink":"https:\/\/wp.me\/p12djN-1lTW","_links":{"self":[{"href":"https:\/\/www.lavras24horas.com.br\/portal\/wp-json\/wp\/v2\/posts\/322520","targetHints":{"allow":["GET"]}}],"collection":[{"href":"https:\/\/www.lavras24horas.com.br\/portal\/wp-json\/wp\/v2\/posts"}],"about":[{"href":"https:\/\/www.lavras24horas.com.br\/portal\/wp-json\/wp\/v2\/types\/post"}],"author":[{"embeddable":true,"href":"https:\/\/www.lavras24horas.com.br\/portal\/wp-json\/wp\/v2\/users\/20"}],"replies":[{"embeddable":true,"href":"https:\/\/www.lavras24horas.com.br\/portal\/wp-json\/wp\/v2\/comments?post=322520"}],"version-history":[{"count":1,"href":"https:\/\/www.lavras24horas.com.br\/portal\/wp-json\/wp\/v2\/posts\/322520\/revisions"}],"predecessor-version":[{"id":322521,"href":"https:\/\/www.lavras24horas.com.br\/portal\/wp-json\/wp\/v2\/posts\/322520\/revisions\/322521"}],"wp:featuredmedia":[{"embeddable":true,"href":"https:\/\/www.lavras24horas.com.br\/portal\/wp-json\/wp\/v2\/media\/322519"}],"wp:attachment":[{"href":"https:\/\/www.lavras24horas.com.br\/portal\/wp-json\/wp\/v2\/media?parent=322520"}],"wp:term":[{"taxonomy":"category","embeddable":true,"href":"https:\/\/www.lavras24horas.com.br\/portal\/wp-json\/wp\/v2\/categories?post=322520"},{"taxonomy":"post_tag","embeddable":true,"href":"https:\/\/www.lavras24horas.com.br\/portal\/wp-json\/wp\/v2\/tags?post=322520"}],"curies":[{"name":"wp","href":"https:\/\/api.w.org\/{rel}","templated":true}]}}