{"id":322467,"date":"2026-04-08T20:26:19","date_gmt":"2026-04-08T23:26:19","guid":{"rendered":"https:\/\/www.lavras24horas.com.br\/portal\/?p=322467"},"modified":"2026-04-08T20:26:19","modified_gmt":"2026-04-08T23:26:19","slug":"tre-mg-cassa-vereador-do-pl-em-ribeirao-vermelho-por-fraude-a-cota-de-genero","status":"publish","type":"post","link":"https:\/\/www.lavras24horas.com.br\/portal\/tre-mg-cassa-vereador-do-pl-em-ribeirao-vermelho-por-fraude-a-cota-de-genero\/","title":{"rendered":"TRE-MG cassa vereador do PL em Ribeir\u00e3o Vermelho por fraude \u00e0 cota de g\u00eanero"},"content":{"rendered":"\n<p>Por 5 votos a 1, o Tribunal Regional Eleitoral de Minas Gerais (TRE-MG) reconheceu, nesta quarta-feira (8), a fraude \u00e0 cota de g\u00eanero praticada pelo Partido Liberal (PL) de Ribeir\u00e3o Vermelho nas elei\u00e7\u00f5es de 2024. Com a decis\u00e3o, o vereador Roberto Carlos Ven\u00e2ncio teve o mandato cassado.<\/p>\n\n\n\n<p>O relator do processo, juiz Vinicius Diniz Monteiro de Barros, entendeu que a candidatura de Natalina do Carmo Paulino Naves foi fict\u00edcia. Entre os ind\u00edcios apontados est\u00e3o a vota\u00e7\u00e3o inexpressiva (apenas 1 voto), presta\u00e7\u00e3o de contas padronizada sem movimenta\u00e7\u00e3o financeira relevante e a aus\u00eancia de atos reais de campanha.<\/p>\n\n\n\n<p>A decis\u00e3o reformou a senten\u00e7a de primeira inst\u00e2ncia, que havia considerado a desist\u00eancia da candidata como volunt\u00e1ria devido a problemas de sa\u00fade na fam\u00edlia. O TRE-MG entendeu que n\u00e3o houve comprova\u00e7\u00e3o de desist\u00eancia t\u00e1cita e que as provas testemunhais foram contradit\u00f3rias.<\/p>\n\n\n\n<p>Al\u00e9m da cassa\u00e7\u00e3o do mandato, o Tribunal determinou a anula\u00e7\u00e3o do Demonstrativo de Regularidade de Atos Partid\u00e1rios (DRAP) do PL e a nulidade dos votos recebidos pela legenda. Em data a ser definida, ser\u00e1 realizada a retotaliza\u00e7\u00e3o dos votos para vereador, com novo c\u00e1lculo dos quocientes eleitoral e partid\u00e1rio, para definir quem ocupar\u00e1 a vaga.<\/p>\n\n\n\n<p>A decis\u00e3o refor\u00e7a o entendimento do Tribunal Superior Eleitoral (TSE) no combate \u00e0s candidaturas laranjas femininas, garantindo o respeito \u00e0 cota de g\u00eanero nas elei\u00e7\u00f5es.<\/p>\n","protected":false},"excerpt":{"rendered":"<p>Por 5 votos a 1, o Tribunal Regional Eleitoral de Minas Gerais (TRE-MG) reconheceu, nesta quarta-feira (8), a fraude \u00e0 cota de g\u00eanero praticada pelo Partido Liberal (PL) de Ribeir\u00e3o Vermelho nas elei\u00e7\u00f5es de 2024. Com a decis\u00e3o, o vereador Roberto Carlos Ven\u00e2ncio teve o mandato cassado. O relator do processo, juiz Vinicius Diniz Monteiro [&hellip;]<\/p>\n","protected":false},"author":7,"featured_media":322466,"comment_status":"closed","ping_status":"closed","sticky":false,"template":"","format":"standard","meta":{"advanced_seo_description":"","jetpack_seo_html_title":"","jetpack_seo_noindex":false,"_jetpack_memberships_contains_paid_content":false,"footnotes":""},"categories":[79],"tags":[],"class_list":["post-322467","post","type-post","status-publish","format-standard","has-post-thumbnail","hentry","category-regiao"],"jetpack_featured_media_url":"https:\/\/i0.wp.com\/www.lavras24horas.com.br\/portal\/wp-content\/uploads\/2026\/04\/img_8424.jpg?fit=720%2C736&ssl=1","jetpack_sharing_enabled":true,"jetpack_likes_enabled":true,"jetpack_shortlink":"https:\/\/wp.me\/p12djN-1lT5","_links":{"self":[{"href":"https:\/\/www.lavras24horas.com.br\/portal\/wp-json\/wp\/v2\/posts\/322467","targetHints":{"allow":["GET"]}}],"collection":[{"href":"https:\/\/www.lavras24horas.com.br\/portal\/wp-json\/wp\/v2\/posts"}],"about":[{"href":"https:\/\/www.lavras24horas.com.br\/portal\/wp-json\/wp\/v2\/types\/post"}],"author":[{"embeddable":true,"href":"https:\/\/www.lavras24horas.com.br\/portal\/wp-json\/wp\/v2\/users\/7"}],"replies":[{"embeddable":true,"href":"https:\/\/www.lavras24horas.com.br\/portal\/wp-json\/wp\/v2\/comments?post=322467"}],"version-history":[{"count":1,"href":"https:\/\/www.lavras24horas.com.br\/portal\/wp-json\/wp\/v2\/posts\/322467\/revisions"}],"predecessor-version":[{"id":322468,"href":"https:\/\/www.lavras24horas.com.br\/portal\/wp-json\/wp\/v2\/posts\/322467\/revisions\/322468"}],"wp:featuredmedia":[{"embeddable":true,"href":"https:\/\/www.lavras24horas.com.br\/portal\/wp-json\/wp\/v2\/media\/322466"}],"wp:attachment":[{"href":"https:\/\/www.lavras24horas.com.br\/portal\/wp-json\/wp\/v2\/media?parent=322467"}],"wp:term":[{"taxonomy":"category","embeddable":true,"href":"https:\/\/www.lavras24horas.com.br\/portal\/wp-json\/wp\/v2\/categories?post=322467"},{"taxonomy":"post_tag","embeddable":true,"href":"https:\/\/www.lavras24horas.com.br\/portal\/wp-json\/wp\/v2\/tags?post=322467"}],"curies":[{"name":"wp","href":"https:\/\/api.w.org\/{rel}","templated":true}]}}