{"id":322464,"date":"2026-04-08T20:18:55","date_gmt":"2026-04-08T23:18:55","guid":{"rendered":"https:\/\/www.lavras24horas.com.br\/portal\/?p=322464"},"modified":"2026-04-08T20:18:55","modified_gmt":"2026-04-08T23:18:55","slug":"buffalo-baja-da-ufla-brilha-e-conquista-3-lugar-na-prova-de-tracao-no-baja-sae-brasil-2026","status":"publish","type":"post","link":"https:\/\/www.lavras24horas.com.br\/portal\/buffalo-baja-da-ufla-brilha-e-conquista-3-lugar-na-prova-de-tracao-no-baja-sae-brasil-2026\/","title":{"rendered":"Buffalo Baja da UFLA brilha e conquista 3\u00b0 lugar na prova de tra\u00e7\u00e3o no Baja SAE Brasil 2026"},"content":{"rendered":"\n<p>A equipe Buffalo Baja, projeto de extens\u00e3o da Universidade Federal de Lavras (UFLA), conquistou o 3\u00ba lugar na exigente prova de tra\u00e7\u00e3o durante a 31\u00aa Competi\u00e7\u00e3o Nacional Baja SAE Brasil, realizada entre os dias 25 e 29 de mar\u00e7o de 2026, na FATEC S\u00e3o Jos\u00e9 dos Campos.<\/p>\n\n\n\n<p>A competi\u00e7\u00e3o, uma das mais tradicionais do pa\u00eds na forma\u00e7\u00e3o pr\u00e1tica de engenheiros, reuniu cerca de 1.200 estudantes de 62 equipes de todo o Brasil. Os participantes s\u00e3o respons\u00e1veis por todas as etapas de desenvolvimento de um ve\u00edculo off-road: desde a concep\u00e7\u00e3o e projeto detalhado at\u00e9 a constru\u00e7\u00e3o e os testes em campo.<\/p>\n\n\n\n<p>Coordenada pelo professor F\u00e1bio L\u00facio Santos, a Buffalo Baja destaca que a experi\u00eancia vai al\u00e9m do conhecimento t\u00e9cnico. \u201cDesenvolvemos habilidades essenciais para o mercado de trabalho, como trabalho em equipe, gest\u00e3o de projetos e resolu\u00e7\u00e3o de problemas\u201d, ressalta a equipe.<\/p>\n\n\n\n<p>A aluna Nicole Cabral, do curso de Engenharia Mec\u00e2nica, comemorou o resultado: \u201cO destaque na prova de tra\u00e7\u00e3o evidencia a qualidade do nosso projeto e refor\u00e7a a capacidade dos estudantes da UFLA de transformar teoria em solu\u00e7\u00f5es pr\u00e1ticas de engenharia\u201d.<\/p>\n\n\n\n<p>Os ve\u00edculos s\u00e3o avaliados em provas est\u00e1ticas e din\u00e2micas que analisam desempenho, seguran\u00e7a e efici\u00eancia. O p\u00f3dio na tra\u00e7\u00e3o consolida o bom desempenho da equipe mineira em uma das disputas mais t\u00e9cnicas da competi\u00e7\u00e3o.<\/p>\n","protected":false},"excerpt":{"rendered":"<p>A equipe Buffalo Baja, projeto de extens\u00e3o da Universidade Federal de Lavras (UFLA), conquistou o 3\u00ba lugar na exigente prova de tra\u00e7\u00e3o durante a 31\u00aa Competi\u00e7\u00e3o Nacional Baja SAE Brasil, realizada entre os dias 25 e 29 de mar\u00e7o de 2026, na FATEC S\u00e3o Jos\u00e9 dos Campos. A competi\u00e7\u00e3o, uma das mais tradicionais do pa\u00eds [&hellip;]<\/p>\n","protected":false},"author":7,"featured_media":322463,"comment_status":"closed","ping_status":"closed","sticky":false,"template":"","format":"standard","meta":{"advanced_seo_description":"","jetpack_seo_html_title":"","jetpack_seo_noindex":false,"_jetpack_memberships_contains_paid_content":false,"footnotes":""},"categories":[4],"tags":[],"class_list":["post-322464","post","type-post","status-publish","format-standard","has-post-thumbnail","hentry","category-lavras"],"jetpack_featured_media_url":"https:\/\/i0.wp.com\/www.lavras24horas.com.br\/portal\/wp-content\/uploads\/2026\/04\/img_8418.png?fit=857%2C653&ssl=1","jetpack_sharing_enabled":true,"jetpack_likes_enabled":true,"_links":{"self":[{"href":"https:\/\/www.lavras24horas.com.br\/portal\/wp-json\/wp\/v2\/posts\/322464","targetHints":{"allow":["GET"]}}],"collection":[{"href":"https:\/\/www.lavras24horas.com.br\/portal\/wp-json\/wp\/v2\/posts"}],"about":[{"href":"https:\/\/www.lavras24horas.com.br\/portal\/wp-json\/wp\/v2\/types\/post"}],"author":[{"embeddable":true,"href":"https:\/\/www.lavras24horas.com.br\/portal\/wp-json\/wp\/v2\/users\/7"}],"replies":[{"embeddable":true,"href":"https:\/\/www.lavras24horas.com.br\/portal\/wp-json\/wp\/v2\/comments?post=322464"}],"version-history":[{"count":1,"href":"https:\/\/www.lavras24horas.com.br\/portal\/wp-json\/wp\/v2\/posts\/322464\/revisions"}],"predecessor-version":[{"id":322465,"href":"https:\/\/www.lavras24horas.com.br\/portal\/wp-json\/wp\/v2\/posts\/322464\/revisions\/322465"}],"wp:featuredmedia":[{"embeddable":true,"href":"https:\/\/www.lavras24horas.com.br\/portal\/wp-json\/wp\/v2\/media\/322463"}],"wp:attachment":[{"href":"https:\/\/www.lavras24horas.com.br\/portal\/wp-json\/wp\/v2\/media?parent=322464"}],"wp:term":[{"taxonomy":"category","embeddable":true,"href":"https:\/\/www.lavras24horas.com.br\/portal\/wp-json\/wp\/v2\/categories?post=322464"},{"taxonomy":"post_tag","embeddable":true,"href":"https:\/\/www.lavras24horas.com.br\/portal\/wp-json\/wp\/v2\/tags?post=322464"}],"curies":[{"name":"wp","href":"https:\/\/api.w.org\/{rel}","templated":true}]}}