{"id":322395,"date":"2026-04-08T14:12:40","date_gmt":"2026-04-08T17:12:40","guid":{"rendered":"https:\/\/www.lavras24horas.com.br\/portal\/?p=322395"},"modified":"2026-04-08T14:12:44","modified_gmt":"2026-04-08T17:12:44","slug":"nota-da-ufla-larva-na-carne-do-ru-universidade-investiga-imagens-que-circularam-em-lavras","status":"publish","type":"post","link":"https:\/\/www.lavras24horas.com.br\/portal\/nota-da-ufla-larva-na-carne-do-ru-universidade-investiga-imagens-que-circularam-em-lavras\/","title":{"rendered":"Nota da UFLA: \u201cLarva na carne do RU?\u201d Universidade investiga imagens que circularam em Lavras"},"content":{"rendered":"\n<p>A Universidade Federal de Lavras (UFLA), por meio da Pr\u00f3-Reitoria de Apoio \u00e0 Perman\u00eancia Estudantil (Prape), divulgou nota oficial ap\u00f3s imagens questionando a qualidade da refei\u00e7\u00e3o servida no Restaurante Universit\u00e1rio (RU) circularem em grupos de WhatsApp e em portal de not\u00edcias local.<\/p>\n\n\n\n<p>Segundo a nota, n\u00e3o houve nenhuma reclama\u00e7\u00e3o formal no momento da refei\u00e7\u00e3o. Na segunda-feira (6\/4), foram servidas 2.455 refei\u00e7\u00f5es no almo\u00e7o e 970 no jantar, sem qualquer registro de insatisfa\u00e7\u00e3o junto \u00e0 equipe.<\/p>\n\n\n\n<p>Mesmo assim, como medida preventiva, a UFLA determinou imediatamente a retirada do lote de carne do consumo.<\/p>\n\n\n\n<p>A institui\u00e7\u00e3o informou que as carnes s\u00e3o de fornecedores contratados por licita\u00e7\u00e3o e seguem rigorosos protocolos de armazenamento e descongelamento. Na ter\u00e7a-feira (7\/4), o RU recebeu inspe\u00e7\u00e3o da Vigil\u00e2ncia Sanit\u00e1ria, que n\u00e3o constatou irregularidades higi\u00eanico-sanit\u00e1rias.<br>Especialistas consultados pela UFLA analisaram as imagens e afastaram qualquer risco \u00e0 sa\u00fade humana, incluindo contamina\u00e7\u00e3o por cisticerco.<\/p>\n\n\n\n<p>Quanto \u00e0 imagem que sugere a presen\u00e7a de larva, os profissionais indicaram n\u00e3o haver rela\u00e7\u00e3o com os processos de manipula\u00e7\u00e3o ou preparo da carne no Restaurante Universit\u00e1rio.<br>Diante do caso, a UFLA vai instaurar uma sindic\u00e2ncia investigativa para apurar os fatos e a veracidade das informa\u00e7\u00f5es divulgadas.<\/p>\n\n\n\n<p>A Universidade reafirma seu compromisso com a qualidade, a seguran\u00e7a alimentar e a transpar\u00eancia junto \u00e0 comunidade acad\u00eamica.<\/p>\n\n\n\n<p>Leia a nota na integra:<\/p>\n\n\n\n<p>https:\/\/ufla.br\/noticias\/institucional\/18424-ufla-esclarece-ocorrencia-envolvendo-refeicao-no-restaurante-universitario<\/p>\n\n\n\n<p><\/p>\n","protected":false},"excerpt":{"rendered":"<p>A Universidade Federal de Lavras (UFLA), por meio da Pr\u00f3-Reitoria de Apoio \u00e0 Perman\u00eancia Estudantil (Prape), divulgou nota oficial ap\u00f3s imagens questionando a qualidade da refei\u00e7\u00e3o servida no Restaurante Universit\u00e1rio (RU) circularem em grupos de WhatsApp e em portal de not\u00edcias local. Segundo a nota, n\u00e3o houve nenhuma reclama\u00e7\u00e3o formal no momento da refei\u00e7\u00e3o. Na [&hellip;]<\/p>\n","protected":false},"author":7,"featured_media":322396,"comment_status":"closed","ping_status":"closed","sticky":false,"template":"","format":"standard","meta":{"advanced_seo_description":"","jetpack_seo_html_title":"","jetpack_seo_noindex":false,"_jetpack_memberships_contains_paid_content":false,"footnotes":""},"categories":[4],"tags":[],"class_list":["post-322395","post","type-post","status-publish","format-standard","has-post-thumbnail","hentry","category-lavras"],"jetpack_featured_media_url":"https:\/\/i0.wp.com\/www.lavras24horas.com.br\/portal\/wp-content\/uploads\/2026\/04\/ru_ferias.jpg?fit=2048%2C1369&ssl=1","jetpack_sharing_enabled":true,"jetpack_likes_enabled":true,"jetpack_shortlink":"https:\/\/wp.me\/p12djN-1lRV","_links":{"self":[{"href":"https:\/\/www.lavras24horas.com.br\/portal\/wp-json\/wp\/v2\/posts\/322395","targetHints":{"allow":["GET"]}}],"collection":[{"href":"https:\/\/www.lavras24horas.com.br\/portal\/wp-json\/wp\/v2\/posts"}],"about":[{"href":"https:\/\/www.lavras24horas.com.br\/portal\/wp-json\/wp\/v2\/types\/post"}],"author":[{"embeddable":true,"href":"https:\/\/www.lavras24horas.com.br\/portal\/wp-json\/wp\/v2\/users\/7"}],"replies":[{"embeddable":true,"href":"https:\/\/www.lavras24horas.com.br\/portal\/wp-json\/wp\/v2\/comments?post=322395"}],"version-history":[{"count":1,"href":"https:\/\/www.lavras24horas.com.br\/portal\/wp-json\/wp\/v2\/posts\/322395\/revisions"}],"predecessor-version":[{"id":322397,"href":"https:\/\/www.lavras24horas.com.br\/portal\/wp-json\/wp\/v2\/posts\/322395\/revisions\/322397"}],"wp:featuredmedia":[{"embeddable":true,"href":"https:\/\/www.lavras24horas.com.br\/portal\/wp-json\/wp\/v2\/media\/322396"}],"wp:attachment":[{"href":"https:\/\/www.lavras24horas.com.br\/portal\/wp-json\/wp\/v2\/media?parent=322395"}],"wp:term":[{"taxonomy":"category","embeddable":true,"href":"https:\/\/www.lavras24horas.com.br\/portal\/wp-json\/wp\/v2\/categories?post=322395"},{"taxonomy":"post_tag","embeddable":true,"href":"https:\/\/www.lavras24horas.com.br\/portal\/wp-json\/wp\/v2\/tags?post=322395"}],"curies":[{"name":"wp","href":"https:\/\/api.w.org\/{rel}","templated":true}]}}