{"id":322393,"date":"2026-04-08T13:52:42","date_gmt":"2026-04-08T16:52:42","guid":{"rendered":"https:\/\/www.lavras24horas.com.br\/portal\/?p=322393"},"modified":"2026-04-08T13:53:54","modified_gmt":"2026-04-08T16:53:54","slug":"tres-traficantes-sao-presos-com-revolver-e-drogas-em-lavras-apos-denuncia-anonima","status":"publish","type":"post","link":"https:\/\/www.lavras24horas.com.br\/portal\/tres-traficantes-sao-presos-com-revolver-e-drogas-em-lavras-apos-denuncia-anonima\/","title":{"rendered":"Tr\u00eas traficantes s\u00e3o presos com rev\u00f3lver e drogas em Lavras ap\u00f3s den\u00fancia an\u00f4nima"},"content":{"rendered":"\n<p>Na noite desta ter\u00e7a-feira 07 de abril a Pol\u00edcia Militar realizou uma a\u00e7\u00e3o r\u00e1pida e eficiente no bairro Nova Lavras em Lavras que resultou na pris\u00e3o de tr\u00eas homens por tr\u00e1fico de drogas e posse ilegal de arma de fogo.<\/p>\n\n\n\n<figure class=\"wp-block-video\"><video height=\"848\" style=\"aspect-ratio: 480 \/ 848;\" width=\"480\" controls src=\"https:\/\/www.lavras24horas.com.br\/portal\/wp-content\/uploads\/2026\/04\/VID-20260408-WA0060.mp4\"><\/video><\/figure>\n\n\n\n<p>Tudo come\u00e7ou com uma den\u00fancia an\u00f4nima que apontava uma resid\u00eancia como ponto de com\u00e9rcio de entorpecentes e local de guarda de uma arma. Durante a interven\u00e7\u00e3o os policiais localizaram um rev\u00f3lver calibre 38 municiado diversas por\u00e7\u00f5es de coca\u00edna e maconha v\u00e1rios aparelhos celulares e dinheiro em esp\u00e9cie.<\/p>\n\n\n\n<figure class=\"wp-block-image size-large\"><img data-recalc-dims=\"1\" fetchpriority=\"high\" decoding=\"async\" width=\"488\" height=\"650\" data-attachment-id=\"322392\" data-permalink=\"https:\/\/www.lavras24horas.com.br\/portal\/img-20260408-wa0059-jpg-2\/\" data-orig-file=\"https:\/\/i0.wp.com\/www.lavras24horas.com.br\/portal\/wp-content\/uploads\/2026\/04\/IMG-20260408-WA0059-1.jpg?fit=1200%2C1600&amp;ssl=1\" data-orig-size=\"1200,1600\" data-comments-opened=\"0\" data-image-meta=\"{&quot;aperture&quot;:&quot;0&quot;,&quot;credit&quot;:&quot;&quot;,&quot;camera&quot;:&quot;&quot;,&quot;caption&quot;:&quot;&quot;,&quot;created_timestamp&quot;:&quot;0&quot;,&quot;copyright&quot;:&quot;&quot;,&quot;focal_length&quot;:&quot;0&quot;,&quot;iso&quot;:&quot;0&quot;,&quot;shutter_speed&quot;:&quot;0&quot;,&quot;title&quot;:&quot;&quot;,&quot;orientation&quot;:&quot;0&quot;}\" data-image-title=\"IMG-20260408-WA0059.jpg\" data-image-description=\"\" data-image-caption=\"\" data-large-file=\"https:\/\/i0.wp.com\/www.lavras24horas.com.br\/portal\/wp-content\/uploads\/2026\/04\/IMG-20260408-WA0059-1.jpg?fit=488%2C650&amp;ssl=1\" src=\"https:\/\/i0.wp.com\/www.lavras24horas.com.br\/portal\/wp-content\/uploads\/2026\/04\/IMG-20260408-WA0059-1.jpg?resize=488%2C650&#038;ssl=1\" alt=\"\" class=\"wp-image-322392\" srcset=\"https:\/\/i0.wp.com\/www.lavras24horas.com.br\/portal\/wp-content\/uploads\/2026\/04\/IMG-20260408-WA0059-1.jpg?resize=488%2C650&amp;ssl=1 488w, https:\/\/i0.wp.com\/www.lavras24horas.com.br\/portal\/wp-content\/uploads\/2026\/04\/IMG-20260408-WA0059-1.jpg?resize=768%2C1024&amp;ssl=1 768w, https:\/\/i0.wp.com\/www.lavras24horas.com.br\/portal\/wp-content\/uploads\/2026\/04\/IMG-20260408-WA0059-1.jpg?resize=1152%2C1536&amp;ssl=1 1152w, https:\/\/i0.wp.com\/www.lavras24horas.com.br\/portal\/wp-content\/uploads\/2026\/04\/IMG-20260408-WA0059-1.jpg?w=1200&amp;ssl=1 1200w\" sizes=\"(max-width: 488px) 100vw, 488px\" \/><\/figure>\n\n\n\n<p>Os tr\u00eas envolvidos foram presos em flagrante e encaminhados \u00e0 Delegacia juntamente com todo o material apreendido para as provid\u00eancias legais.<\/p>\n\n\n\n<p>A a\u00e7\u00e3o faz parte do trabalho permanente da Pol\u00edcia Militar no combate ao tr\u00e1fico e \u00e0 criminalidade na regi\u00e3o garantindo mais seguran\u00e7a e tranquilidade para a popula\u00e7\u00e3o de Lavras.<\/p>\n\n\n\n<p>A PM refor\u00e7a o convite para que a comunidade continue colaborando com den\u00fancias an\u00f4nimas pois informa\u00e7\u00f5es precisas s\u00e3o fundamentais para o sucesso dessas opera\u00e7\u00f5es.<\/p>\n\n\n\n<p>Lavras segue firme no enfrentamento ao crime organizado e ao tr\u00e1fico de drogas. A vigil\u00e2ncia constante da pol\u00edcia tem feito a diferen\u00e7a na prote\u00e7\u00e3o das fam\u00edlias sul mineiras.<\/p>\n","protected":false},"excerpt":{"rendered":"<p>Na noite desta ter\u00e7a-feira 07 de abril a Pol\u00edcia Militar realizou uma a\u00e7\u00e3o r\u00e1pida e eficiente no bairro Nova Lavras em Lavras que resultou na pris\u00e3o de tr\u00eas homens por tr\u00e1fico de drogas e posse ilegal de arma de fogo. Tudo come\u00e7ou com uma den\u00fancia an\u00f4nima que apontava uma resid\u00eancia como ponto de com\u00e9rcio de [&hellip;]<\/p>\n","protected":false},"author":20,"featured_media":322390,"comment_status":"closed","ping_status":"closed","sticky":false,"template":"","format":"standard","meta":{"advanced_seo_description":"","jetpack_seo_html_title":"","jetpack_seo_noindex":false,"_jetpack_memberships_contains_paid_content":false,"footnotes":""},"categories":[4],"tags":[],"class_list":["post-322393","post","type-post","status-publish","format-standard","has-post-thumbnail","hentry","category-lavras"],"jetpack_featured_media_url":"https:\/\/i0.wp.com\/www.lavras24horas.com.br\/portal\/wp-content\/uploads\/2026\/04\/IMG-20260408-WA0059.jpg?fit=1200%2C1600&ssl=1","jetpack_sharing_enabled":true,"jetpack_likes_enabled":true,"_links":{"self":[{"href":"https:\/\/www.lavras24horas.com.br\/portal\/wp-json\/wp\/v2\/posts\/322393","targetHints":{"allow":["GET"]}}],"collection":[{"href":"https:\/\/www.lavras24horas.com.br\/portal\/wp-json\/wp\/v2\/posts"}],"about":[{"href":"https:\/\/www.lavras24horas.com.br\/portal\/wp-json\/wp\/v2\/types\/post"}],"author":[{"embeddable":true,"href":"https:\/\/www.lavras24horas.com.br\/portal\/wp-json\/wp\/v2\/users\/20"}],"replies":[{"embeddable":true,"href":"https:\/\/www.lavras24horas.com.br\/portal\/wp-json\/wp\/v2\/comments?post=322393"}],"version-history":[{"count":1,"href":"https:\/\/www.lavras24horas.com.br\/portal\/wp-json\/wp\/v2\/posts\/322393\/revisions"}],"predecessor-version":[{"id":322394,"href":"https:\/\/www.lavras24horas.com.br\/portal\/wp-json\/wp\/v2\/posts\/322393\/revisions\/322394"}],"wp:featuredmedia":[{"embeddable":true,"href":"https:\/\/www.lavras24horas.com.br\/portal\/wp-json\/wp\/v2\/media\/322390"}],"wp:attachment":[{"href":"https:\/\/www.lavras24horas.com.br\/portal\/wp-json\/wp\/v2\/media?parent=322393"}],"wp:term":[{"taxonomy":"category","embeddable":true,"href":"https:\/\/www.lavras24horas.com.br\/portal\/wp-json\/wp\/v2\/categories?post=322393"},{"taxonomy":"post_tag","embeddable":true,"href":"https:\/\/www.lavras24horas.com.br\/portal\/wp-json\/wp\/v2\/tags?post=322393"}],"curies":[{"name":"wp","href":"https:\/\/api.w.org\/{rel}","templated":true}]}}