{"id":322374,"date":"2026-04-08T12:23:39","date_gmt":"2026-04-08T15:23:39","guid":{"rendered":"https:\/\/www.lavras24horas.com.br\/portal\/?p=322374"},"modified":"2026-04-08T12:23:39","modified_gmt":"2026-04-08T15:23:39","slug":"estudantes-voltam-a-encontrar-larvas-na-comida-do-ru-da-ufla-dois-dias-apos-primeira-denuncia-veja-o-video","status":"publish","type":"post","link":"https:\/\/www.lavras24horas.com.br\/portal\/estudantes-voltam-a-encontrar-larvas-na-comida-do-ru-da-ufla-dois-dias-apos-primeira-denuncia-veja-o-video\/","title":{"rendered":"Estudantes voltam a encontrar larvas na comida do RU da UFLA dois dias ap\u00f3s primeira den\u00fancia, veja o v\u00eddeo"},"content":{"rendered":"\n<p class=\"p1\">A situa\u00e7\u00e3o no Restaurante Universit\u00e1rio (RU) da Universidade Federal de Lavras (UFLA) segue gerando revolta entre os alunos. Nesta quarta-feira (8), estudantes relataram novamente a presen\u00e7a de larvas nas refei\u00e7\u00f5es servidas.<\/p>\n\n\n\n<figure class=\"wp-block-video\"><video height=\"850\" style=\"aspect-ratio: 478 \/ 850;\" width=\"478\" controls src=\"https:\/\/www.lavras24horas.com.br\/portal\/wp-content\/uploads\/2026\/04\/302ddaeb-d533-401e-a9e1-972698962b9d.mp4\"><\/video><\/figure>\n\n\n\n<p class=\"p1\">O caso ocorre apenas dois dias ap\u00f3s a den\u00fancia inicial, registrada na segunda-feira (6 de abril), quando alunos j\u00e1 haviam encontrado larvas, carne su\u00edna mal cozida e at\u00e9 suspeita de cisticerco nos pratos.<\/p>\n\n\n\n<figure class=\"wp-block-image size-large\"><img data-recalc-dims=\"1\" fetchpriority=\"high\" decoding=\"async\" width=\"293\" height=\"650\" data-attachment-id=\"322373\" data-permalink=\"https:\/\/www.lavras24horas.com.br\/portal\/01aed26b-66fd-4a40-be22-05ee49108fa8-jpg\/\" data-orig-file=\"https:\/\/i0.wp.com\/www.lavras24horas.com.br\/portal\/wp-content\/uploads\/2026\/04\/01aed26b-66fd-4a40-be22-05ee49108fa8.jpg?fit=450%2C1000&amp;ssl=1\" data-orig-size=\"450,1000\" data-comments-opened=\"0\" data-image-meta=\"{&quot;aperture&quot;:&quot;0&quot;,&quot;credit&quot;:&quot;&quot;,&quot;camera&quot;:&quot;&quot;,&quot;caption&quot;:&quot;&quot;,&quot;created_timestamp&quot;:&quot;1775660021&quot;,&quot;copyright&quot;:&quot;&quot;,&quot;focal_length&quot;:&quot;0&quot;,&quot;iso&quot;:&quot;0&quot;,&quot;shutter_speed&quot;:&quot;0&quot;,&quot;title&quot;:&quot;&quot;,&quot;orientation&quot;:&quot;1&quot;}\" data-image-title=\"01aed26b-66fd-4a40-be22-05ee49108fa8.jpg\" data-image-description=\"\" data-image-caption=\"\" data-large-file=\"https:\/\/i0.wp.com\/www.lavras24horas.com.br\/portal\/wp-content\/uploads\/2026\/04\/01aed26b-66fd-4a40-be22-05ee49108fa8.jpg?fit=293%2C650&amp;ssl=1\" src=\"https:\/\/i0.wp.com\/www.lavras24horas.com.br\/portal\/wp-content\/uploads\/2026\/04\/01aed26b-66fd-4a40-be22-05ee49108fa8.jpg?resize=293%2C650&#038;ssl=1\" class=\"wp-image-322373\" srcset=\"https:\/\/i0.wp.com\/www.lavras24horas.com.br\/portal\/wp-content\/uploads\/2026\/04\/01aed26b-66fd-4a40-be22-05ee49108fa8.jpg?resize=293%2C650&amp;ssl=1 293w, https:\/\/i0.wp.com\/www.lavras24horas.com.br\/portal\/wp-content\/uploads\/2026\/04\/01aed26b-66fd-4a40-be22-05ee49108fa8.jpg?w=450&amp;ssl=1 450w\" sizes=\"(max-width: 293px) 100vw, 293px\" \/><\/figure>\n\n\n\n<p class=\"p1\">Nas redes e grupos internos, os estudantes demonstram indigna\u00e7\u00e3o e cobram provid\u00eancias imediatas. Muitos afirmam que o problema n\u00e3o \u00e9 isolado e que h\u00e1 relatos recorrentes de falhas na qualidade da alimenta\u00e7\u00e3o.<\/p>\n\n\n\n<p class=\"p1\">At\u00e9 o momento, n\u00e3o foi enviado nenhum posicionamento oficial da UFLA aos canais de imprensa sobre o caso. Em resposta \u00e0 Ouvidoria Municipal, a Vigil\u00e2ncia Sanit\u00e1ria informou que esteve no local para averiguar as condi\u00e7\u00f5es higi\u00eanico-sanit\u00e1rias e que, apesar de n\u00e3o ter constatado irregularidades no momento da inspe\u00e7\u00e3o, o Pr\u00f3-Reitor de Apoio \u00e0 Perman\u00eancia Estudantil j\u00e1 havia solicitado o recolhimento dos lotes de carne su\u00edna junto \u00e0 empresa fornecedora. Ainda segundo o \u00f3rg\u00e3o, a situa\u00e7\u00e3o foi registrada em relat\u00f3rio de n\u00e3o conformidades e medidas est\u00e3o sendo adotadas, sendo que o restaurante atende \u00e0s normas sanit\u00e1rias vigentes.<\/p>\n","protected":false},"excerpt":{"rendered":"<p>A situa\u00e7\u00e3o no Restaurante Universit\u00e1rio (RU) da Universidade Federal de Lavras (UFLA) segue gerando revolta entre os alunos. Nesta quarta-feira (8), estudantes relataram novamente a presen\u00e7a de larvas nas refei\u00e7\u00f5es servidas. O caso ocorre apenas dois dias ap\u00f3s a den\u00fancia inicial, registrada na segunda-feira (6 de abril), quando alunos j\u00e1 haviam encontrado larvas, carne su\u00edna [&hellip;]<\/p>\n","protected":false},"author":7,"featured_media":322371,"comment_status":"closed","ping_status":"closed","sticky":false,"template":"","format":"standard","meta":{"advanced_seo_description":"","jetpack_seo_html_title":"","jetpack_seo_noindex":false,"_jetpack_memberships_contains_paid_content":false,"footnotes":""},"categories":[4],"tags":[],"class_list":["post-322374","post","type-post","status-publish","format-standard","has-post-thumbnail","hentry","category-lavras"],"jetpack_featured_media_url":"https:\/\/i0.wp.com\/www.lavras24horas.com.br\/portal\/wp-content\/uploads\/2026\/04\/img_8386.jpg?fit=866%2C1000&ssl=1","jetpack_sharing_enabled":true,"jetpack_likes_enabled":true,"jetpack_shortlink":"https:\/\/wp.me\/p12djN-1lRA","_links":{"self":[{"href":"https:\/\/www.lavras24horas.com.br\/portal\/wp-json\/wp\/v2\/posts\/322374","targetHints":{"allow":["GET"]}}],"collection":[{"href":"https:\/\/www.lavras24horas.com.br\/portal\/wp-json\/wp\/v2\/posts"}],"about":[{"href":"https:\/\/www.lavras24horas.com.br\/portal\/wp-json\/wp\/v2\/types\/post"}],"author":[{"embeddable":true,"href":"https:\/\/www.lavras24horas.com.br\/portal\/wp-json\/wp\/v2\/users\/7"}],"replies":[{"embeddable":true,"href":"https:\/\/www.lavras24horas.com.br\/portal\/wp-json\/wp\/v2\/comments?post=322374"}],"version-history":[{"count":1,"href":"https:\/\/www.lavras24horas.com.br\/portal\/wp-json\/wp\/v2\/posts\/322374\/revisions"}],"predecessor-version":[{"id":322375,"href":"https:\/\/www.lavras24horas.com.br\/portal\/wp-json\/wp\/v2\/posts\/322374\/revisions\/322375"}],"wp:featuredmedia":[{"embeddable":true,"href":"https:\/\/www.lavras24horas.com.br\/portal\/wp-json\/wp\/v2\/media\/322371"}],"wp:attachment":[{"href":"https:\/\/www.lavras24horas.com.br\/portal\/wp-json\/wp\/v2\/media?parent=322374"}],"wp:term":[{"taxonomy":"category","embeddable":true,"href":"https:\/\/www.lavras24horas.com.br\/portal\/wp-json\/wp\/v2\/categories?post=322374"},{"taxonomy":"post_tag","embeddable":true,"href":"https:\/\/www.lavras24horas.com.br\/portal\/wp-json\/wp\/v2\/tags?post=322374"}],"curies":[{"name":"wp","href":"https:\/\/api.w.org\/{rel}","templated":true}]}}