{"id":322326,"date":"2026-04-07T17:45:52","date_gmt":"2026-04-07T20:45:52","guid":{"rendered":"https:\/\/www.lavras24horas.com.br\/portal\/?p=322326"},"modified":"2026-04-07T17:45:52","modified_gmt":"2026-04-07T20:45:52","slug":"escolas-de-ijaci-superam-a-media-nacional-e-batem-a-meta-de-alfabetizacao-com-2-anos-de-antecedencia","status":"publish","type":"post","link":"https:\/\/www.lavras24horas.com.br\/portal\/escolas-de-ijaci-superam-a-media-nacional-e-batem-a-meta-de-alfabetizacao-com-2-anos-de-antecedencia\/","title":{"rendered":"Escolas de Ijaci superam a m\u00e9dia nacional e batem a meta de alfabetiza\u00e7\u00e3o com 2 anos de anteced\u00eancia"},"content":{"rendered":"\n<p>O munic\u00edpio de Ijaci alcan\u00e7ou, em 2025, a meta de alfabetiza\u00e7\u00e3o prevista pelo Minist\u00e9rio da Educa\u00e7\u00e3o para 2027, demonstrando um avan\u00e7o significativo na educa\u00e7\u00e3o municipal.<\/p>\n\n\n\n<p>De acordo com os dados oficiais, o \u00edndice de alfabetiza\u00e7\u00e3o em Ijaci atingiu 75% em 2025, superando em 9 pontos percentuais a m\u00e9dia nacional, que se encontra em 66%. Para efeito de compara\u00e7\u00e3o, o munic\u00edpio registrou 73% em 2023, 74% em 2024 e 75% em 2025, consolidando uma trajet\u00f3ria consistente de evolu\u00e7\u00e3o.<\/p>\n\n\n\n<p>Essa conquista \u00e9 resultado do trabalho dedicado das Escolas Municipais Maria Luiza da Paix\u00e3o e Padre Em\u00edlio Luiz Lunkes, com o apoio da gest\u00e3o municipal, dos professores, funcion\u00e1rios, fam\u00edlias e da comunidade.<\/p>\n\n\n\n<p>\u201cInvestir na alfabetiza\u00e7\u00e3o na idade certa \u00e9 garantir um futuro mais promissor para nossas crian\u00e7as\u201d, destacam os educadores envolvidos no projeto.<\/p>\n\n\n\n<p>Com esse resultado, Ijaci se posiciona acima da m\u00e9dia nacional e refor\u00e7a seu compromisso com uma educa\u00e7\u00e3o p\u00fablica de qualidade, inclusiva e eficiente.<\/p>\n\n\n\n<p>Imagem ilustrativa<\/p>\n","protected":false},"excerpt":{"rendered":"<p>O munic\u00edpio de Ijaci alcan\u00e7ou, em 2025, a meta de alfabetiza\u00e7\u00e3o prevista pelo Minist\u00e9rio da Educa\u00e7\u00e3o para 2027, demonstrando um avan\u00e7o significativo na educa\u00e7\u00e3o municipal. De acordo com os dados oficiais, o \u00edndice de alfabetiza\u00e7\u00e3o em Ijaci atingiu 75% em 2025, superando em 9 pontos percentuais a m\u00e9dia nacional, que se encontra em 66%. Para [&hellip;]<\/p>\n","protected":false},"author":7,"featured_media":322325,"comment_status":"closed","ping_status":"closed","sticky":false,"template":"","format":"standard","meta":{"advanced_seo_description":"","jetpack_seo_html_title":"","jetpack_seo_noindex":false,"_jetpack_memberships_contains_paid_content":false,"footnotes":""},"categories":[79],"tags":[],"class_list":["post-322326","post","type-post","status-publish","format-standard","has-post-thumbnail","hentry","category-regiao"],"jetpack_featured_media_url":"https:\/\/i0.wp.com\/www.lavras24horas.com.br\/portal\/wp-content\/uploads\/2026\/04\/img_8330.jpg?fit=999%2C663&ssl=1","jetpack_sharing_enabled":true,"jetpack_likes_enabled":true,"_links":{"self":[{"href":"https:\/\/www.lavras24horas.com.br\/portal\/wp-json\/wp\/v2\/posts\/322326","targetHints":{"allow":["GET"]}}],"collection":[{"href":"https:\/\/www.lavras24horas.com.br\/portal\/wp-json\/wp\/v2\/posts"}],"about":[{"href":"https:\/\/www.lavras24horas.com.br\/portal\/wp-json\/wp\/v2\/types\/post"}],"author":[{"embeddable":true,"href":"https:\/\/www.lavras24horas.com.br\/portal\/wp-json\/wp\/v2\/users\/7"}],"replies":[{"embeddable":true,"href":"https:\/\/www.lavras24horas.com.br\/portal\/wp-json\/wp\/v2\/comments?post=322326"}],"version-history":[{"count":1,"href":"https:\/\/www.lavras24horas.com.br\/portal\/wp-json\/wp\/v2\/posts\/322326\/revisions"}],"predecessor-version":[{"id":322327,"href":"https:\/\/www.lavras24horas.com.br\/portal\/wp-json\/wp\/v2\/posts\/322326\/revisions\/322327"}],"wp:featuredmedia":[{"embeddable":true,"href":"https:\/\/www.lavras24horas.com.br\/portal\/wp-json\/wp\/v2\/media\/322325"}],"wp:attachment":[{"href":"https:\/\/www.lavras24horas.com.br\/portal\/wp-json\/wp\/v2\/media?parent=322326"}],"wp:term":[{"taxonomy":"category","embeddable":true,"href":"https:\/\/www.lavras24horas.com.br\/portal\/wp-json\/wp\/v2\/categories?post=322326"},{"taxonomy":"post_tag","embeddable":true,"href":"https:\/\/www.lavras24horas.com.br\/portal\/wp-json\/wp\/v2\/tags?post=322326"}],"curies":[{"name":"wp","href":"https:\/\/api.w.org\/{rel}","templated":true}]}}