{"id":322312,"date":"2026-04-07T16:07:49","date_gmt":"2026-04-07T19:07:49","guid":{"rendered":"https:\/\/www.lavras24horas.com.br\/portal\/?p=322312"},"modified":"2026-04-07T16:07:49","modified_gmt":"2026-04-07T19:07:49","slug":"motociclista-perde-controle-e-atinge-duas-pessoas-no-centro-de-lavras","status":"publish","type":"post","link":"https:\/\/www.lavras24horas.com.br\/portal\/motociclista-perde-controle-e-atinge-duas-pessoas-no-centro-de-lavras\/","title":{"rendered":"Motociclista perde controle e atinge duas pessoas no centro de Lavras"},"content":{"rendered":"\n<p>Um grave acidente abalou o centro da cidade na manh\u00e3 desta ter\u00e7a-feira.<\/p>\n\n\n\n<figure class=\"wp-block-image size-large\"><img data-recalc-dims=\"1\" fetchpriority=\"high\" decoding=\"async\" width=\"520\" height=\"650\" data-attachment-id=\"322310\" data-permalink=\"https:\/\/www.lavras24horas.com.br\/portal\/img_8303-jpg\/\" data-orig-file=\"https:\/\/i0.wp.com\/www.lavras24horas.com.br\/portal\/wp-content\/uploads\/2026\/04\/img_8303.jpg?fit=800%2C1000&amp;ssl=1\" data-orig-size=\"800,1000\" data-comments-opened=\"0\" data-image-meta=\"{&quot;aperture&quot;:&quot;0&quot;,&quot;credit&quot;:&quot;&quot;,&quot;camera&quot;:&quot;&quot;,&quot;caption&quot;:&quot;&quot;,&quot;created_timestamp&quot;:&quot;0&quot;,&quot;copyright&quot;:&quot;&quot;,&quot;focal_length&quot;:&quot;0&quot;,&quot;iso&quot;:&quot;0&quot;,&quot;shutter_speed&quot;:&quot;0&quot;,&quot;title&quot;:&quot;&quot;,&quot;orientation&quot;:&quot;1&quot;}\" data-image-title=\"img_8303.jpg\" data-image-description=\"\" data-image-caption=\"\" data-large-file=\"https:\/\/i0.wp.com\/www.lavras24horas.com.br\/portal\/wp-content\/uploads\/2026\/04\/img_8303.jpg?fit=520%2C650&amp;ssl=1\" src=\"https:\/\/i0.wp.com\/www.lavras24horas.com.br\/portal\/wp-content\/uploads\/2026\/04\/img_8303.jpg?resize=520%2C650&#038;ssl=1\" class=\"wp-image-322310\" srcset=\"https:\/\/i0.wp.com\/www.lavras24horas.com.br\/portal\/wp-content\/uploads\/2026\/04\/img_8303.jpg?resize=520%2C650&amp;ssl=1 520w, https:\/\/i0.wp.com\/www.lavras24horas.com.br\/portal\/wp-content\/uploads\/2026\/04\/img_8303.jpg?resize=768%2C960&amp;ssl=1 768w, https:\/\/i0.wp.com\/www.lavras24horas.com.br\/portal\/wp-content\/uploads\/2026\/04\/img_8303.jpg?w=800&amp;ssl=1 800w\" sizes=\"(max-width: 520px) 100vw, 520px\" \/><\/figure>\n\n\n\n<p>Um motociclista perdeu o controle da moto pr\u00f3ximo ao INSS e colidiu com duas pessoas que estavam na cal\u00e7ada. H\u00e1 suspeita de que um \u00f4nibus tenha contribu\u00eddo para o acidente, mas as causas exatas ainda est\u00e3o sendo investigadas pela Pol\u00edcia Militar.<\/p>\n\n\n\n<p>O SAMU foi imediatamente acionado e prestou os primeiros atendimentos \u00e0s v\u00edtimas no local. At\u00e9 o momento, n\u00e3o h\u00e1 informa\u00e7\u00f5es sobre o estado de sa\u00fade dos feridos.<\/p>\n\n\n\n<p>O tr\u00e2nsito na regi\u00e3o ficou parcialmente interditado durante o atendimento. Mais detalhes sobre o acidente e o quadro cl\u00ednico das v\u00edtimas ser\u00e3o atualizados assim que novas informa\u00e7\u00f5es forem divulgadas.<\/p>\n","protected":false},"excerpt":{"rendered":"<p>Um grave acidente abalou o centro da cidade na manh\u00e3 desta ter\u00e7a-feira. Um motociclista perdeu o controle da moto pr\u00f3ximo ao INSS e colidiu com duas pessoas que estavam na cal\u00e7ada. H\u00e1 suspeita de que um \u00f4nibus tenha contribu\u00eddo para o acidente, mas as causas exatas ainda est\u00e3o sendo investigadas pela Pol\u00edcia Militar. O SAMU [&hellip;]<\/p>\n","protected":false},"author":7,"featured_media":322311,"comment_status":"closed","ping_status":"closed","sticky":false,"template":"","format":"standard","meta":{"advanced_seo_description":"","jetpack_seo_html_title":"","jetpack_seo_noindex":false,"_jetpack_memberships_contains_paid_content":false,"footnotes":""},"categories":[4],"tags":[],"class_list":["post-322312","post","type-post","status-publish","format-standard","has-post-thumbnail","hentry","category-lavras"],"jetpack_featured_media_url":"https:\/\/i0.wp.com\/www.lavras24horas.com.br\/portal\/wp-content\/uploads\/2026\/04\/img_8304-1.jpg?fit=800%2C1000&ssl=1","jetpack_sharing_enabled":true,"jetpack_likes_enabled":true,"_links":{"self":[{"href":"https:\/\/www.lavras24horas.com.br\/portal\/wp-json\/wp\/v2\/posts\/322312","targetHints":{"allow":["GET"]}}],"collection":[{"href":"https:\/\/www.lavras24horas.com.br\/portal\/wp-json\/wp\/v2\/posts"}],"about":[{"href":"https:\/\/www.lavras24horas.com.br\/portal\/wp-json\/wp\/v2\/types\/post"}],"author":[{"embeddable":true,"href":"https:\/\/www.lavras24horas.com.br\/portal\/wp-json\/wp\/v2\/users\/7"}],"replies":[{"embeddable":true,"href":"https:\/\/www.lavras24horas.com.br\/portal\/wp-json\/wp\/v2\/comments?post=322312"}],"version-history":[{"count":1,"href":"https:\/\/www.lavras24horas.com.br\/portal\/wp-json\/wp\/v2\/posts\/322312\/revisions"}],"predecessor-version":[{"id":322313,"href":"https:\/\/www.lavras24horas.com.br\/portal\/wp-json\/wp\/v2\/posts\/322312\/revisions\/322313"}],"wp:featuredmedia":[{"embeddable":true,"href":"https:\/\/www.lavras24horas.com.br\/portal\/wp-json\/wp\/v2\/media\/322311"}],"wp:attachment":[{"href":"https:\/\/www.lavras24horas.com.br\/portal\/wp-json\/wp\/v2\/media?parent=322312"}],"wp:term":[{"taxonomy":"category","embeddable":true,"href":"https:\/\/www.lavras24horas.com.br\/portal\/wp-json\/wp\/v2\/categories?post=322312"},{"taxonomy":"post_tag","embeddable":true,"href":"https:\/\/www.lavras24horas.com.br\/portal\/wp-json\/wp\/v2\/tags?post=322312"}],"curies":[{"name":"wp","href":"https:\/\/api.w.org\/{rel}","templated":true}]}}