{"id":322303,"date":"2026-04-07T09:49:42","date_gmt":"2026-04-07T12:49:42","guid":{"rendered":"https:\/\/www.lavras24horas.com.br\/portal\/?p=322303"},"modified":"2026-04-07T09:49:45","modified_gmt":"2026-04-07T12:49:45","slug":"falta-de-bom-senso-em-lavras-moradores-transformam-esquina-em-lixao-3-dias-antes-da-coleta","status":"publish","type":"post","link":"https:\/\/www.lavras24horas.com.br\/portal\/falta-de-bom-senso-em-lavras-moradores-transformam-esquina-em-lixao-3-dias-antes-da-coleta\/","title":{"rendered":"Falta de bom senso em Lavras: Moradores transformam esquina em lix\u00e3o 3 dias antes da coleta"},"content":{"rendered":"\n<p>Moradores e comerciantes do bairro <strong>Jardim Floresta<\/strong>, em Lavras (MG), est\u00e3o acumulando lixo de forma inadequada na esquina da Rua Comandante Lindemberg com Rua Comandante N\u00e9lio.<\/p>\n\n\n\n<figure class=\"wp-block-gallery has-nested-images columns-default is-cropped wp-block-gallery-1 is-layout-flex wp-block-gallery-is-layout-flex\">\n<figure class=\"wp-block-image size-large\"><img data-recalc-dims=\"1\" fetchpriority=\"high\" decoding=\"async\" width=\"800\" height=\"451\" data-attachment-id=\"322305\" data-permalink=\"https:\/\/www.lavras24horas.com.br\/portal\/falta-de-bom-senso-em-lavras-moradores-transformam-esquina-em-lixao-3-dias-antes-da-coleta\/659970060_35097335963247347_1402136694929331859_n\/\" data-orig-file=\"https:\/\/i0.wp.com\/www.lavras24horas.com.br\/portal\/wp-content\/uploads\/2026\/04\/659970060_35097335963247347_1402136694929331859_n.jpg?fit=1080%2C608&amp;ssl=1\" data-orig-size=\"1080,608\" data-comments-opened=\"0\" data-image-meta=\"{&quot;aperture&quot;:&quot;0&quot;,&quot;credit&quot;:&quot;&quot;,&quot;camera&quot;:&quot;&quot;,&quot;caption&quot;:&quot;&quot;,&quot;created_timestamp&quot;:&quot;0&quot;,&quot;copyright&quot;:&quot;&quot;,&quot;focal_length&quot;:&quot;0&quot;,&quot;iso&quot;:&quot;0&quot;,&quot;shutter_speed&quot;:&quot;0&quot;,&quot;title&quot;:&quot;&quot;,&quot;orientation&quot;:&quot;0&quot;}\" data-image-title=\"659970060_35097335963247347_1402136694929331859_n\" data-image-description=\"\" data-image-caption=\"\" data-large-file=\"https:\/\/i0.wp.com\/www.lavras24horas.com.br\/portal\/wp-content\/uploads\/2026\/04\/659970060_35097335963247347_1402136694929331859_n.jpg?fit=800%2C451&amp;ssl=1\" data-id=\"322305\" src=\"https:\/\/i0.wp.com\/www.lavras24horas.com.br\/portal\/wp-content\/uploads\/2026\/04\/659970060_35097335963247347_1402136694929331859_n.jpg?resize=800%2C451&#038;ssl=1\" alt=\"\" class=\"wp-image-322305\" srcset=\"https:\/\/i0.wp.com\/www.lavras24horas.com.br\/portal\/wp-content\/uploads\/2026\/04\/659970060_35097335963247347_1402136694929331859_n.jpg?resize=950%2C535&amp;ssl=1 950w, https:\/\/i0.wp.com\/www.lavras24horas.com.br\/portal\/wp-content\/uploads\/2026\/04\/659970060_35097335963247347_1402136694929331859_n.jpg?resize=768%2C432&amp;ssl=1 768w, https:\/\/i0.wp.com\/www.lavras24horas.com.br\/portal\/wp-content\/uploads\/2026\/04\/659970060_35097335963247347_1402136694929331859_n.jpg?w=1080&amp;ssl=1 1080w\" sizes=\"(max-width: 800px) 100vw, 800px\" \/><\/figure>\n\n\n\n<figure class=\"wp-block-image size-large\"><img data-recalc-dims=\"1\" decoding=\"async\" width=\"366\" height=\"650\" data-attachment-id=\"322306\" data-permalink=\"https:\/\/www.lavras24horas.com.br\/portal\/falta-de-bom-senso-em-lavras-moradores-transformam-esquina-em-lixao-3-dias-antes-da-coleta\/660449526_1259125766377615_4482094522266934005_n\/\" data-orig-file=\"https:\/\/i0.wp.com\/www.lavras24horas.com.br\/portal\/wp-content\/uploads\/2026\/04\/660449526_1259125766377615_4482094522266934005_n.jpg?fit=1080%2C1920&amp;ssl=1\" data-orig-size=\"1080,1920\" data-comments-opened=\"0\" data-image-meta=\"{&quot;aperture&quot;:&quot;0&quot;,&quot;credit&quot;:&quot;&quot;,&quot;camera&quot;:&quot;&quot;,&quot;caption&quot;:&quot;&quot;,&quot;created_timestamp&quot;:&quot;0&quot;,&quot;copyright&quot;:&quot;&quot;,&quot;focal_length&quot;:&quot;0&quot;,&quot;iso&quot;:&quot;0&quot;,&quot;shutter_speed&quot;:&quot;0&quot;,&quot;title&quot;:&quot;&quot;,&quot;orientation&quot;:&quot;0&quot;}\" data-image-title=\"660449526_1259125766377615_4482094522266934005_n\" data-image-description=\"\" data-image-caption=\"\" data-large-file=\"https:\/\/i0.wp.com\/www.lavras24horas.com.br\/portal\/wp-content\/uploads\/2026\/04\/660449526_1259125766377615_4482094522266934005_n.jpg?fit=366%2C650&amp;ssl=1\" data-id=\"322306\" src=\"https:\/\/i0.wp.com\/www.lavras24horas.com.br\/portal\/wp-content\/uploads\/2026\/04\/660449526_1259125766377615_4482094522266934005_n.jpg?resize=366%2C650&#038;ssl=1\" alt=\"\" class=\"wp-image-322306\" srcset=\"https:\/\/i0.wp.com\/www.lavras24horas.com.br\/portal\/wp-content\/uploads\/2026\/04\/660449526_1259125766377615_4482094522266934005_n.jpg?resize=366%2C650&amp;ssl=1 366w, https:\/\/i0.wp.com\/www.lavras24horas.com.br\/portal\/wp-content\/uploads\/2026\/04\/660449526_1259125766377615_4482094522266934005_n.jpg?resize=768%2C1365&amp;ssl=1 768w, https:\/\/i0.wp.com\/www.lavras24horas.com.br\/portal\/wp-content\/uploads\/2026\/04\/660449526_1259125766377615_4482094522266934005_n.jpg?resize=864%2C1536&amp;ssl=1 864w, https:\/\/i0.wp.com\/www.lavras24horas.com.br\/portal\/wp-content\/uploads\/2026\/04\/660449526_1259125766377615_4482094522266934005_n.jpg?w=1080&amp;ssl=1 1080w\" sizes=\"(max-width: 366px) 100vw, 366px\" \/><\/figure>\n<\/figure>\n\n\n\n<p>Mesmo sabendo que a coleta s\u00f3 \u00e9 realizada na <strong>ter\u00e7a-feira por volta das 8h<\/strong>, muitas pessoas depositam os sacos de lixo j\u00e1 no <strong>s\u00e1bado<\/strong>. Com isso, o lixo fica exposto por tr\u00eas dias, gerando forte mau cheiro, sujeira e atrai animais que rasgam os sacos em busca de restos de alimentos.<\/p>\n\n\n\n<p>O problema \u00e9 ainda mais grave porque o ac\u00famulo ocorre exatamente em um <strong>ponto de \u00f4nibus<\/strong> e bloqueia o acesso de cadeirantes na cal\u00e7ada. Parte do lixo tamb\u00e9m tem sido deixada em frente a resid\u00eancias de outros moradores.<\/p>\n\n\n\n<p>A situa\u00e7\u00e3o tem causado indigna\u00e7\u00e3o entre os vizinhos, que pedem maior bom senso da comunidade: todos conhecem o dia correto da coleta, mas insistem em colocar o lixo com v\u00e1rios dias de anteced\u00eancia, prejudicando a todos.<\/p>\n","protected":false},"excerpt":{"rendered":"<p>Moradores e comerciantes do bairro Jardim Floresta, em Lavras (MG), est\u00e3o acumulando lixo de forma inadequada na esquina da Rua Comandante Lindemberg com Rua Comandante N\u00e9lio. Mesmo sabendo que a coleta s\u00f3 \u00e9 realizada na ter\u00e7a-feira por volta das 8h, muitas pessoas depositam os sacos de lixo j\u00e1 no s\u00e1bado. Com isso, o lixo fica [&hellip;]<\/p>\n","protected":false},"author":7,"featured_media":322304,"comment_status":"closed","ping_status":"closed","sticky":false,"template":"","format":"standard","meta":{"advanced_seo_description":"","jetpack_seo_html_title":"","jetpack_seo_noindex":false,"_jetpack_memberships_contains_paid_content":false,"footnotes":""},"categories":[4],"tags":[],"class_list":["post-322303","post","type-post","status-publish","format-standard","has-post-thumbnail","hentry","category-lavras"],"jetpack_featured_media_url":"https:\/\/i0.wp.com\/www.lavras24horas.com.br\/portal\/wp-content\/uploads\/2026\/04\/663743358_1468274918424643_6794903648023972615_n.jpg?fit=1080%2C608&ssl=1","jetpack_sharing_enabled":true,"jetpack_likes_enabled":true,"_links":{"self":[{"href":"https:\/\/www.lavras24horas.com.br\/portal\/wp-json\/wp\/v2\/posts\/322303","targetHints":{"allow":["GET"]}}],"collection":[{"href":"https:\/\/www.lavras24horas.com.br\/portal\/wp-json\/wp\/v2\/posts"}],"about":[{"href":"https:\/\/www.lavras24horas.com.br\/portal\/wp-json\/wp\/v2\/types\/post"}],"author":[{"embeddable":true,"href":"https:\/\/www.lavras24horas.com.br\/portal\/wp-json\/wp\/v2\/users\/7"}],"replies":[{"embeddable":true,"href":"https:\/\/www.lavras24horas.com.br\/portal\/wp-json\/wp\/v2\/comments?post=322303"}],"version-history":[{"count":2,"href":"https:\/\/www.lavras24horas.com.br\/portal\/wp-json\/wp\/v2\/posts\/322303\/revisions"}],"predecessor-version":[{"id":322308,"href":"https:\/\/www.lavras24horas.com.br\/portal\/wp-json\/wp\/v2\/posts\/322303\/revisions\/322308"}],"wp:featuredmedia":[{"embeddable":true,"href":"https:\/\/www.lavras24horas.com.br\/portal\/wp-json\/wp\/v2\/media\/322304"}],"wp:attachment":[{"href":"https:\/\/www.lavras24horas.com.br\/portal\/wp-json\/wp\/v2\/media?parent=322303"}],"wp:term":[{"taxonomy":"category","embeddable":true,"href":"https:\/\/www.lavras24horas.com.br\/portal\/wp-json\/wp\/v2\/categories?post=322303"},{"taxonomy":"post_tag","embeddable":true,"href":"https:\/\/www.lavras24horas.com.br\/portal\/wp-json\/wp\/v2\/tags?post=322303"}],"curies":[{"name":"wp","href":"https:\/\/api.w.org\/{rel}","templated":true}]}}