{"id":322300,"date":"2026-04-07T09:23:01","date_gmt":"2026-04-07T12:23:01","guid":{"rendered":"https:\/\/www.lavras24horas.com.br\/portal\/?p=322300"},"modified":"2026-04-07T09:23:03","modified_gmt":"2026-04-07T12:23:03","slug":"vinganca-apos-10-anos-jovem-de-19-anos-confessa-ter-executado-com-5-tiros-o-assassino-da-mae-e-vai-se-entregar","status":"publish","type":"post","link":"https:\/\/www.lavras24horas.com.br\/portal\/vinganca-apos-10-anos-jovem-de-19-anos-confessa-ter-executado-com-5-tiros-o-assassino-da-mae-e-vai-se-entregar\/","title":{"rendered":"Vingan\u00e7a ap\u00f3s 10 anos: Jovem de 19 anos confessa ter executado com 5 tiros o assassino da m\u00e3e e vai se entregar"},"content":{"rendered":"\n<p>Um jovem de 19 anos, suspeito de executar com cinco tiros o homem que assassinou sua m\u00e3e h\u00e1 quase dez anos, deve se entregar \u00e0 Pol\u00edcia Civil de Minas Gerais nos pr\u00f3ximos dias.<\/p>\n\n\n\n<p>O rapaz confessou o crime aos seus advogados de defesa, alegando ter agido movido por <strong>violenta emo\u00e7\u00e3o<\/strong> e pelo trauma de inf\u00e2ncia. Seu \u00fanico pedido foi conversar com um psic\u00f3logo antes de prestar depoimento.<\/p>\n\n\n\n<p>A v\u00edtima, <strong>Rafael Garcia Pedroso<\/strong>, de 31 anos, foi morta na manh\u00e3 da \u00faltima ter\u00e7a-feira (31 de mar\u00e7o) em frente \u00e0 Unidade B\u00e1sica de Sa\u00fade Carlos Alberto Vieira, no bairro Vila Esperan\u00e7a (ou Novo Horizonte), em Frutal (MG). Imagens de c\u00e2meras de seguran\u00e7a mostram o momento em que o suspeito se aproxima por tr\u00e1s enquanto Rafael aguardava em uma motoneta. Ele foi atingido principalmente no rosto e no pesco\u00e7o, e morreu no local.<\/p>\n\n\n\n<p>O crime est\u00e1 diretamente ligado a um brutal feminic\u00eddio ocorrido em 3 de julho de 2016, durante a ExpoFrutal. Na \u00e9poca, Rafael matou a m\u00e3e do jovem com <strong>20 facadas<\/strong> durante uma confraterniza\u00e7\u00e3o. A crian\u00e7a, que tinha apenas 8 anos, presenciou toda a cena e, segundo relatos, jurou vingan\u00e7a ainda na inf\u00e2ncia.<\/p>\n\n\n\n<p>Rafael havia sido condenado a 22 anos de pris\u00e3o, mas o julgamento foi anulado por falhas t\u00e9cnicas. Em janeiro de 2026, ele conseguiu pris\u00e3o domiciliar por falta de vagas no sistema prisional e usava tornozeleira eletr\u00f4nica.<\/p>\n\n\n\n<p>Os advogados Jos\u00e9 Rodrigo de Almeida e Isabella Kathrine Vieira do Carmo confirmaram a confiss\u00e3o do jovem. Em nota, a defesa destacou as \u201ccircunst\u00e2ncias pessoais de extrema complexidade\u201d e o profundo abalo emocional do rapaz. \u201cEle n\u00e3o demonstrou frieza, mas grande medo e sofrimento\u201d, declarou a advogada Isabella, ressaltando que o \u00fanico pedido dele foi atendimento psicol\u00f3gico.<\/p>\n\n\n\n<p>O caso ganhou grande repercuss\u00e3o em Frutal e deve ser investigado pela Pol\u00edcia Civil, que aguarda a entrega volunt\u00e1ria do suspeito.<\/p>\n","protected":false},"excerpt":{"rendered":"<p>Um jovem de 19 anos, suspeito de executar com cinco tiros o homem que assassinou sua m\u00e3e h\u00e1 quase dez anos, deve se entregar \u00e0 Pol\u00edcia Civil de Minas Gerais nos pr\u00f3ximos dias. O rapaz confessou o crime aos seus advogados de defesa, alegando ter agido movido por violenta emo\u00e7\u00e3o e pelo trauma de inf\u00e2ncia. [&hellip;]<\/p>\n","protected":false},"author":7,"featured_media":322301,"comment_status":"closed","ping_status":"closed","sticky":false,"template":"","format":"standard","meta":{"advanced_seo_description":"","jetpack_seo_html_title":"","jetpack_seo_noindex":false,"_jetpack_memberships_contains_paid_content":false,"footnotes":""},"categories":[31047],"tags":[],"class_list":["post-322300","post","type-post","status-publish","format-standard","has-post-thumbnail","hentry","category-brasil"],"jetpack_featured_media_url":"https:\/\/i0.wp.com\/www.lavras24horas.com.br\/portal\/wp-content\/uploads\/2026\/04\/WhatsApp-Image-2026-04-07-at-09.21.55.jpeg?fit=1440%2C882&ssl=1","jetpack_sharing_enabled":true,"jetpack_likes_enabled":true,"_links":{"self":[{"href":"https:\/\/www.lavras24horas.com.br\/portal\/wp-json\/wp\/v2\/posts\/322300","targetHints":{"allow":["GET"]}}],"collection":[{"href":"https:\/\/www.lavras24horas.com.br\/portal\/wp-json\/wp\/v2\/posts"}],"about":[{"href":"https:\/\/www.lavras24horas.com.br\/portal\/wp-json\/wp\/v2\/types\/post"}],"author":[{"embeddable":true,"href":"https:\/\/www.lavras24horas.com.br\/portal\/wp-json\/wp\/v2\/users\/7"}],"replies":[{"embeddable":true,"href":"https:\/\/www.lavras24horas.com.br\/portal\/wp-json\/wp\/v2\/comments?post=322300"}],"version-history":[{"count":1,"href":"https:\/\/www.lavras24horas.com.br\/portal\/wp-json\/wp\/v2\/posts\/322300\/revisions"}],"predecessor-version":[{"id":322302,"href":"https:\/\/www.lavras24horas.com.br\/portal\/wp-json\/wp\/v2\/posts\/322300\/revisions\/322302"}],"wp:featuredmedia":[{"embeddable":true,"href":"https:\/\/www.lavras24horas.com.br\/portal\/wp-json\/wp\/v2\/media\/322301"}],"wp:attachment":[{"href":"https:\/\/www.lavras24horas.com.br\/portal\/wp-json\/wp\/v2\/media?parent=322300"}],"wp:term":[{"taxonomy":"category","embeddable":true,"href":"https:\/\/www.lavras24horas.com.br\/portal\/wp-json\/wp\/v2\/categories?post=322300"},{"taxonomy":"post_tag","embeddable":true,"href":"https:\/\/www.lavras24horas.com.br\/portal\/wp-json\/wp\/v2\/tags?post=322300"}],"curies":[{"name":"wp","href":"https:\/\/api.w.org\/{rel}","templated":true}]}}