{"id":322290,"date":"2026-04-07T09:05:16","date_gmt":"2026-04-07T12:05:16","guid":{"rendered":"https:\/\/www.lavras24horas.com.br\/portal\/?p=322290"},"modified":"2026-04-07T09:17:53","modified_gmt":"2026-04-07T12:17:53","slug":"quase-causa-tragedia-caminhoneiro-drogado-invade-contramao-e-e-preso-em-minas-gerais-veja-o-video","status":"publish","type":"post","link":"https:\/\/www.lavras24horas.com.br\/portal\/quase-causa-tragedia-caminhoneiro-drogado-invade-contramao-e-e-preso-em-minas-gerais-veja-o-video\/","title":{"rendered":"Quase causa trag\u00e9dia: Caminhoneiro drogado invade contram\u00e3o e \u00e9 preso em Minas Gerais, veja o v\u00eddeo"},"content":{"rendered":"\n<p>Um motorista de 31 anos foi preso em flagrante por dire\u00e7\u00e3o perigosa e uso de subst\u00e2ncia psicoativa ap\u00f3s quase provocar uma colis\u00e3o frontal na MGC-135, na altura do km 416, em Bocai\u00fava, Regi\u00e3o Norte de Minas Gerais, nesta segunda-feira (6).<\/p>\n\n\n\n<figure class=\"wp-block-video\"><video height=\"814\" style=\"aspect-ratio: 720 \/ 814;\" width=\"720\" controls src=\"https:\/\/www.lavras24horas.com.br\/portal\/wp-content\/uploads\/2026\/04\/WhatsApp-Video-2026-04-07-at-09.13.35.mp4\"><\/video><\/figure>\n\n\n\n<p>Imagens impressionantes registraram o momento em que o caminhoneiro trafegava completamente desgovernado, invadiu a contram\u00e3o e obrigou outro ve\u00edculo a subir no acostamento para evitar o acidente. Outro v\u00eddeo mostra o caminh\u00e3o passando por um ped\u00e1gio e derrubando cones de sinaliza\u00e7\u00e3o.<\/p>\n\n\n\n<p>De acordo com a Pol\u00edcia Militar Rodovi\u00e1ria, o condutor colidiu com outros ve\u00edculos ao longo do trajeto, causando danos materiais, mas sem ferir ningu\u00e9m. O teste do etil\u00f4metro deu negativo para \u00e1lcool, por\u00e9m ind\u00edcios de uso de drogas foram encontrados dentro do caminh\u00e3o. O pr\u00f3prio motorista confessou aos policiais o uso cont\u00ednuo de coca\u00edna e rebite.<\/p>\n\n\n\n<p>Testemunhas relataram que o caminh\u00e3o, que transportava bobinas, perdeu boa parte da carga pela rodovia. O ve\u00edculo tamb\u00e9m apresentou v\u00e1rios danos estruturais provocados pelo trajeto irregular.<\/p>\n\n\n\n<p>A PM Rodovi\u00e1ria s\u00f3 conseguiu interceptar o caminh\u00e3o ap\u00f3s montar uma opera\u00e7\u00e3o de cerco e bloqueio no sentido norte da via, ap\u00f3s v\u00e1rias den\u00fancias de um ve\u00edculo desgovernado. O motorista foi preso e encaminhado \u00e0 Delegacia de Pol\u00edcia Civil de Bocai\u00fava, onde o caso \u00e9 investigado.<\/p>\n","protected":false},"excerpt":{"rendered":"<p>Um motorista de 31 anos foi preso em flagrante por dire\u00e7\u00e3o perigosa e uso de subst\u00e2ncia psicoativa ap\u00f3s quase provocar uma colis\u00e3o frontal na MGC-135, na altura do km 416, em Bocai\u00fava, Regi\u00e3o Norte de Minas Gerais, nesta segunda-feira (6). Imagens impressionantes registraram o momento em que o caminhoneiro trafegava completamente desgovernado, invadiu a contram\u00e3o [&hellip;]<\/p>\n","protected":false},"author":7,"featured_media":322289,"comment_status":"closed","ping_status":"closed","sticky":false,"template":"","format":"standard","meta":{"advanced_seo_description":"","jetpack_seo_html_title":"","jetpack_seo_noindex":false,"_jetpack_memberships_contains_paid_content":false,"footnotes":""},"categories":[79],"tags":[],"class_list":["post-322290","post","type-post","status-publish","format-standard","has-post-thumbnail","hentry","category-regiao"],"jetpack_featured_media_url":"https:\/\/i0.wp.com\/www.lavras24horas.com.br\/portal\/wp-content\/uploads\/2026\/04\/img_8240.jpg?fit=982%2C1000&ssl=1","jetpack_sharing_enabled":true,"jetpack_likes_enabled":true,"jetpack_shortlink":"https:\/\/wp.me\/p12djN-1lQe","_links":{"self":[{"href":"https:\/\/www.lavras24horas.com.br\/portal\/wp-json\/wp\/v2\/posts\/322290","targetHints":{"allow":["GET"]}}],"collection":[{"href":"https:\/\/www.lavras24horas.com.br\/portal\/wp-json\/wp\/v2\/posts"}],"about":[{"href":"https:\/\/www.lavras24horas.com.br\/portal\/wp-json\/wp\/v2\/types\/post"}],"author":[{"embeddable":true,"href":"https:\/\/www.lavras24horas.com.br\/portal\/wp-json\/wp\/v2\/users\/7"}],"replies":[{"embeddable":true,"href":"https:\/\/www.lavras24horas.com.br\/portal\/wp-json\/wp\/v2\/comments?post=322290"}],"version-history":[{"count":2,"href":"https:\/\/www.lavras24horas.com.br\/portal\/wp-json\/wp\/v2\/posts\/322290\/revisions"}],"predecessor-version":[{"id":322298,"href":"https:\/\/www.lavras24horas.com.br\/portal\/wp-json\/wp\/v2\/posts\/322290\/revisions\/322298"}],"wp:featuredmedia":[{"embeddable":true,"href":"https:\/\/www.lavras24horas.com.br\/portal\/wp-json\/wp\/v2\/media\/322289"}],"wp:attachment":[{"href":"https:\/\/www.lavras24horas.com.br\/portal\/wp-json\/wp\/v2\/media?parent=322290"}],"wp:term":[{"taxonomy":"category","embeddable":true,"href":"https:\/\/www.lavras24horas.com.br\/portal\/wp-json\/wp\/v2\/categories?post=322290"},{"taxonomy":"post_tag","embeddable":true,"href":"https:\/\/www.lavras24horas.com.br\/portal\/wp-json\/wp\/v2\/tags?post=322290"}],"curies":[{"name":"wp","href":"https:\/\/api.w.org\/{rel}","templated":true}]}}