{"id":322274,"date":"2026-04-06T19:50:23","date_gmt":"2026-04-06T22:50:23","guid":{"rendered":"https:\/\/www.lavras24horas.com.br\/portal\/?p=322274"},"modified":"2026-04-06T19:50:23","modified_gmt":"2026-04-06T22:50:23","slug":"governo-zera-impostos-sobre-querosene-de-aviacao-e-amplia-subsidio-ao-diesel-para-baratear-passagens","status":"publish","type":"post","link":"https:\/\/www.lavras24horas.com.br\/portal\/governo-zera-impostos-sobre-querosene-de-aviacao-e-amplia-subsidio-ao-diesel-para-baratear-passagens\/","title":{"rendered":"Governo zera impostos sobre querosene de avia\u00e7\u00e3o e amplia subs\u00eddio ao diesel para baratear passagens"},"content":{"rendered":"\n<p>O governo federal anunciou nesta segunda-feira um pacote de medidas econ\u00f4micas para enfrentar a alta dos pre\u00e7os das passagens a\u00e9reas e aliviar o custo dos combust\u00edveis no pa\u00eds.<\/p>\n\n\n\n<p>A principal a\u00e7\u00e3o \u00e9 a isen\u00e7\u00e3o tempor\u00e1ria de todos os impostos federais incidentes sobre o querosene de avia\u00e7\u00e3o (QAV), principal despesa das companhias a\u00e9reas. Segundo a Associa\u00e7\u00e3o Brasileira das Empresas A\u00e9reas (Abeaar), cerca de 45% dos custos do setor a\u00e9reo est\u00e3o relacionados ao combust\u00edvel. A medida deve gerar uma economia de aproximadamente R$ 0,07 por litro, totalizando cerca de R$ 30 milh\u00f5es por m\u00eas para o setor.<\/p>\n\n\n\n<p>Al\u00e9m da zeragem dos impostos sobre o QAV, o governo tamb\u00e9m decidiu ampliar o subs\u00eddio ao diesel, biodiesel e g\u00e1s de cozinha. As a\u00e7\u00f5es incluem uma Medida Provis\u00f3ria (MP), um projeto de lei e decretos espec\u00edficos para cada combust\u00edvel.<\/p>\n\n\n\n<p>A iniciativa vem em meio \u00e0 press\u00e3o de companhias a\u00e9reas e consumidores, que enfrentam sucessivos reajustes nos bilhetes a\u00e9reos. A expectativa do Planalto \u00e9 que a redu\u00e7\u00e3o de custos seja repassada \u00e0s passagens, tornando as viagens mais acess\u00edveis para a popula\u00e7\u00e3o.<\/p>\n\n\n\n<p>Especialistas avaliam que a medida pode trazer al\u00edvio imediato, mas alertam para a necessidade de acompanhar o impacto fiscal nas contas p\u00fablicas. O pacote ainda depende de aprova\u00e7\u00e3o no Congresso em alguns pontos.<\/p>\n","protected":false},"excerpt":{"rendered":"<p>O governo federal anunciou nesta segunda-feira um pacote de medidas econ\u00f4micas para enfrentar a alta dos pre\u00e7os das passagens a\u00e9reas e aliviar o custo dos combust\u00edveis no pa\u00eds. A principal a\u00e7\u00e3o \u00e9 a isen\u00e7\u00e3o tempor\u00e1ria de todos os impostos federais incidentes sobre o querosene de avia\u00e7\u00e3o (QAV), principal despesa das companhias a\u00e9reas. Segundo a Associa\u00e7\u00e3o [&hellip;]<\/p>\n","protected":false},"author":7,"featured_media":322273,"comment_status":"closed","ping_status":"closed","sticky":false,"template":"","format":"standard","meta":{"advanced_seo_description":"","jetpack_seo_html_title":"","jetpack_seo_noindex":false,"_jetpack_memberships_contains_paid_content":false,"footnotes":""},"categories":[31047],"tags":[],"class_list":["post-322274","post","type-post","status-publish","format-standard","has-post-thumbnail","hentry","category-brasil"],"jetpack_featured_media_url":"https:\/\/i0.wp.com\/www.lavras24horas.com.br\/portal\/wp-content\/uploads\/2026\/04\/img_8220.jpg?fit=1000%2C799&ssl=1","jetpack_sharing_enabled":true,"jetpack_likes_enabled":true,"_links":{"self":[{"href":"https:\/\/www.lavras24horas.com.br\/portal\/wp-json\/wp\/v2\/posts\/322274","targetHints":{"allow":["GET"]}}],"collection":[{"href":"https:\/\/www.lavras24horas.com.br\/portal\/wp-json\/wp\/v2\/posts"}],"about":[{"href":"https:\/\/www.lavras24horas.com.br\/portal\/wp-json\/wp\/v2\/types\/post"}],"author":[{"embeddable":true,"href":"https:\/\/www.lavras24horas.com.br\/portal\/wp-json\/wp\/v2\/users\/7"}],"replies":[{"embeddable":true,"href":"https:\/\/www.lavras24horas.com.br\/portal\/wp-json\/wp\/v2\/comments?post=322274"}],"version-history":[{"count":1,"href":"https:\/\/www.lavras24horas.com.br\/portal\/wp-json\/wp\/v2\/posts\/322274\/revisions"}],"predecessor-version":[{"id":322275,"href":"https:\/\/www.lavras24horas.com.br\/portal\/wp-json\/wp\/v2\/posts\/322274\/revisions\/322275"}],"wp:featuredmedia":[{"embeddable":true,"href":"https:\/\/www.lavras24horas.com.br\/portal\/wp-json\/wp\/v2\/media\/322273"}],"wp:attachment":[{"href":"https:\/\/www.lavras24horas.com.br\/portal\/wp-json\/wp\/v2\/media?parent=322274"}],"wp:term":[{"taxonomy":"category","embeddable":true,"href":"https:\/\/www.lavras24horas.com.br\/portal\/wp-json\/wp\/v2\/categories?post=322274"},{"taxonomy":"post_tag","embeddable":true,"href":"https:\/\/www.lavras24horas.com.br\/portal\/wp-json\/wp\/v2\/tags?post=322274"}],"curies":[{"name":"wp","href":"https:\/\/api.w.org\/{rel}","templated":true}]}}