{"id":322271,"date":"2026-04-06T19:39:44","date_gmt":"2026-04-06T22:39:44","guid":{"rendered":"https:\/\/www.lavras24horas.com.br\/portal\/?p=322271"},"modified":"2026-04-06T19:39:44","modified_gmt":"2026-04-06T22:39:44","slug":"cafe-de-pascoa-emociona-governo-de-lavras-une-jovens-do-jovens-em-acao-em-momento-de-confraternizacao","status":"publish","type":"post","link":"https:\/\/www.lavras24horas.com.br\/portal\/cafe-de-pascoa-emociona-governo-de-lavras-une-jovens-do-jovens-em-acao-em-momento-de-confraternizacao\/","title":{"rendered":"Caf\u00e9 de P\u00e1scoa emociona: Governo de Lavras une jovens do \u201cJovens em A\u00e7\u00e3o\u201d em momento de confraterniza\u00e7\u00e3o"},"content":{"rendered":"\n<p>Em um clima acolhedor e de muita confraterniza\u00e7\u00e3o, a Prefeitura de Lavras promoveu, na \u00faltima quarta-feira (1\u00ba), um caf\u00e9 especial de P\u00e1scoa para os participantes do Programa Jovens em A\u00e7\u00e3o.<\/p>\n\n\n\n<p>O encontro reuniu os jovens e a equipe do programa, fortalecendo la\u00e7os de amizade e celebrando valores como solidariedade, respeito e partilha, t\u00e3o presentes nesta \u00e9poca do ano.<\/p>\n\n\n\n<p>A prefeita Jussara Menicucci prestigiou o evento e destacou a import\u00e2ncia de a\u00e7\u00f5es que v\u00e3o al\u00e9m da forma\u00e7\u00e3o t\u00e9cnica. \u201c\u00c9 fundamental cuidar das pessoas e investir no desenvolvimento humano dos nossos jovens\u201d, afirmou.<\/p>\n\n\n\n<p>Tamb\u00e9m esteve presente o secret\u00e1rio de Desenvolvimento Social e Cidadania, Jo\u00e3o Paulo Santos, que refor\u00e7ou o papel do programa na cria\u00e7\u00e3o de oportunidades e no fortalecimento da cidadania entre a juventude lavrense.<\/p>\n\n\n\n<p>O caf\u00e9 de P\u00e1scoa marcou mais um momento de integra\u00e7\u00e3o e humaniza\u00e7\u00e3o promovido pela gest\u00e3o municipal.<\/p>\n","protected":false},"excerpt":{"rendered":"<p>Em um clima acolhedor e de muita confraterniza\u00e7\u00e3o, a Prefeitura de Lavras promoveu, na \u00faltima quarta-feira (1\u00ba), um caf\u00e9 especial de P\u00e1scoa para os participantes do Programa Jovens em A\u00e7\u00e3o. O encontro reuniu os jovens e a equipe do programa, fortalecendo la\u00e7os de amizade e celebrando valores como solidariedade, respeito e partilha, t\u00e3o presentes nesta [&hellip;]<\/p>\n","protected":false},"author":7,"featured_media":322270,"comment_status":"closed","ping_status":"closed","sticky":false,"template":"","format":"standard","meta":{"advanced_seo_description":"","jetpack_seo_html_title":"","jetpack_seo_noindex":false,"_jetpack_memberships_contains_paid_content":false,"footnotes":""},"categories":[4],"tags":[],"class_list":["post-322271","post","type-post","status-publish","format-standard","has-post-thumbnail","hentry","category-lavras"],"jetpack_featured_media_url":"https:\/\/i0.wp.com\/www.lavras24horas.com.br\/portal\/wp-content\/uploads\/2026\/04\/img_8225.jpg?fit=1000%2C750&ssl=1","jetpack_sharing_enabled":true,"jetpack_likes_enabled":true,"jetpack_shortlink":"https:\/\/wp.me\/p12djN-1lPV","_links":{"self":[{"href":"https:\/\/www.lavras24horas.com.br\/portal\/wp-json\/wp\/v2\/posts\/322271","targetHints":{"allow":["GET"]}}],"collection":[{"href":"https:\/\/www.lavras24horas.com.br\/portal\/wp-json\/wp\/v2\/posts"}],"about":[{"href":"https:\/\/www.lavras24horas.com.br\/portal\/wp-json\/wp\/v2\/types\/post"}],"author":[{"embeddable":true,"href":"https:\/\/www.lavras24horas.com.br\/portal\/wp-json\/wp\/v2\/users\/7"}],"replies":[{"embeddable":true,"href":"https:\/\/www.lavras24horas.com.br\/portal\/wp-json\/wp\/v2\/comments?post=322271"}],"version-history":[{"count":1,"href":"https:\/\/www.lavras24horas.com.br\/portal\/wp-json\/wp\/v2\/posts\/322271\/revisions"}],"predecessor-version":[{"id":322272,"href":"https:\/\/www.lavras24horas.com.br\/portal\/wp-json\/wp\/v2\/posts\/322271\/revisions\/322272"}],"wp:featuredmedia":[{"embeddable":true,"href":"https:\/\/www.lavras24horas.com.br\/portal\/wp-json\/wp\/v2\/media\/322270"}],"wp:attachment":[{"href":"https:\/\/www.lavras24horas.com.br\/portal\/wp-json\/wp\/v2\/media?parent=322271"}],"wp:term":[{"taxonomy":"category","embeddable":true,"href":"https:\/\/www.lavras24horas.com.br\/portal\/wp-json\/wp\/v2\/categories?post=322271"},{"taxonomy":"post_tag","embeddable":true,"href":"https:\/\/www.lavras24horas.com.br\/portal\/wp-json\/wp\/v2\/tags?post=322271"}],"curies":[{"name":"wp","href":"https:\/\/api.w.org\/{rel}","templated":true}]}}